{"id":5547,"date":"2026-01-26T09:28:24","date_gmt":"2026-01-26T08:28:24","guid":{"rendered":"https:\/\/fdp-porta.de\/FDP\/?p=5547"},"modified":"2026-01-26T09:42:44","modified_gmt":"2026-01-26T08:42:44","slug":"offenes-treffen-am-4-februar-2026","status":"publish","type":"post","link":"https:\/\/fdp-porta.de\/FDP\/offenes-treffen-am-4-februar-2026\/","title":{"rendered":"Offenes Treffen am 4. Februar 2026"},"content":{"rendered":"<div class=\"wp-block-image\">\n<figure class=\"aligncenter size-large is-resized\"><a href=\"https:\/\/fdp-porta.de\/FDP\/wp-content\/uploads\/2026\/01\/Offenes_Treffen_20260204.jpeg\"><img loading=\"lazy\" decoding=\"async\" width=\"576\" height=\"1024\" src=\"https:\/\/fdp-porta.de\/FDP\/wp-content\/uploads\/2026\/01\/Offenes_Treffen_20260204-576x1024.jpeg\" alt=\"\" class=\"wp-image-5548\" style=\"width:401px;height:auto\" srcset=\"https:\/\/fdp-porta.de\/FDP\/wp-content\/uploads\/2026\/01\/Offenes_Treffen_20260204-576x1024.jpeg 576w, https:\/\/fdp-porta.de\/FDP\/wp-content\/uploads\/2026\/01\/Offenes_Treffen_20260204-169x300.jpeg 169w, https:\/\/fdp-porta.de\/FDP\/wp-content\/uploads\/2026\/01\/Offenes_Treffen_20260204-768x1365.jpeg 768w, https:\/\/fdp-porta.de\/FDP\/wp-content\/uploads\/2026\/01\/Offenes_Treffen_20260204-864x1536.jpeg 864w, https:\/\/fdp-porta.de\/FDP\/wp-content\/uploads\/2026\/01\/Offenes_Treffen_20260204.jpeg 1080w\" sizes=\"auto, (max-width: 576px) 100vw, 576px\" \/><\/a><\/figure>\n<\/div>\n\n\n<p class=\"has-text-align-center\"><strong>Deine Meinung z\u00e4hlt<\/strong>\u00a0<img loading=\"lazy\" decoding=\"async\" width=\"16\" height=\"16\" src=\"https:\/\/ci3.googleusercontent.com\/meips\/ADKq_NbsDnirFGVTYMGpsQNealz-1R4wxXHtWUJjrQ3zokSMF2jF-8pQGNXbfhI4RedP4KoJufgzQzeXEl9JQ-JUPTElikogRQj0IexBEAED5DX8d-QxJl7MEaA=s0-d-e1-ft#https:\/\/static.xx.fbcdn.net\/images\/emoji.php\/v9\/tae\/1\/16\/1f5ef.png\" alt=\"&#x1f5ef;&#xfe0f;\"><\/p>\n\n\n\n<p class=\"has-text-align-center\">Wir treffen uns zum lockeren Austausch \u00fcber Porta, Politik &amp; das, was besser laufen kann.<\/p>\n\n\n\n<p class=\"has-text-align-center\"><img loading=\"lazy\" decoding=\"async\" src=\"https:\/\/ci3.googleusercontent.com\/meips\/ADKq_NYSiim0b_McpbGqEAzifh93-Ne7pBYiFnG64Kr63_gf5V7RJV45uGJc37w_RY32N_PP3A80z9A0NFAzHcnfkPZ_8K9ru9bGiXzhY7dMi8SlYHKfLRHRDIE=s0-d-e1-ft#https:\/\/static.xx.fbcdn.net\/images\/emoji.php\/v9\/t2d\/1\/16\/1f4cd.png\" alt=\"&#x1f4cd;\" width=\"16\" height=\"16\">&nbsp;One Moment, Vlothoer Str. 106, 32457 Porta Westfalica<\/p>\n\n\n\n<p class=\"has-text-align-center\"><img loading=\"lazy\" decoding=\"async\" width=\"16\" height=\"16\" src=\"https:\/\/ci3.googleusercontent.com\/meips\/ADKq_NZEg_0k9lgwtdFbAFLzBVp15iJi7pMbgifc0kmB5JArDr8_DCmcJXXUe1-SS9qdHQmcOAjGelu8SSTEs1KRkW5ypGfW9DMSWXmFx0mxfvM3oUteWXtCvf0=s0-d-e1-ft#https:\/\/static.xx.fbcdn.net\/images\/emoji.php\/v9\/t7e\/1\/16\/1f4c5.png\" alt=\"&#x1f4c5;\">\u00a0Mittwoch, 4. Februar<\/p>\n\n\n\n<p class=\"has-text-align-center\"><img loading=\"lazy\" decoding=\"async\" src=\"https:\/\/ci3.googleusercontent.com\/meips\/ADKq_NaFSip7mRCkVTmqUB0HEOdiMoaT2jHn-4FN4rCGJdsv226MPhSnqDqYAoPUxkFEtkEuQs9gA5tXjN8Z7aJrc2Mtc0Aq3CWPMY7kToRi2Y3Tftv5wSkNyA=s0-d-e1-ft#https:\/\/static.xx.fbcdn.net\/images\/emoji.php\/v9\/t34\/1\/16\/23f0.png\" alt=\"&#x23f0;\" width=\"16\" height=\"16\">&nbsp;ab 18:00 Uhr<\/p>\n\n\n\n<p class=\"has-text-align-center\">Offen f\u00fcr Interessierte, G\u00e4ste &amp; Neugierige.<\/p>\n\n\n\n<p class=\"has-text-align-center\"><strong>Keine Anmeldung n\u00f6tig \u2013 einfach vorbeikommen.<\/strong><\/p>\n","protected":false},"excerpt":{"rendered":"<p>Deine Meinung z\u00e4hlt\u00a0 Wir treffen uns zum lockeren Austausch \u00fcber Porta, Politik &amp; das, was besser laufen kann. &nbsp;One Moment, Vlothoer Str. 106, 32457 Porta Westfalica \u00a0Mittwoch, 4. Februar &nbsp;ab 18:00 Uhr Offen f\u00fcr Interessierte, G\u00e4ste &amp; Neugierige. Keine Anmeldung n\u00f6tig \u2013 einfach vorbeikommen.<\/p>\n","protected":false},"author":5,"featured_media":0,"comment_status":"closed","ping_status":"closed","sticky":false,"template":"","format":"standard","meta":{"footnotes":""},"categories":[1,13,20],"tags":[],"class_list":["post-5547","post","type-post","status-publish","format-standard","hentry","category-allgemein","category-fdp-porta-westfalica-aktuell","category-veranstaltungen"],"featured_image_src":null,"author_info":{"display_name":"Thomas Sch\u00fcrstedt","author_link":"https:\/\/fdp-porta.de\/FDP\/author\/tscynux-de\/"},"_links":{"self":[{"href":"https:\/\/fdp-porta.de\/FDP\/wp-json\/wp\/v2\/posts\/5547","targetHints":{"allow":["GET"]}}],"collection":[{"href":"https:\/\/fdp-porta.de\/FDP\/wp-json\/wp\/v2\/posts"}],"about":[{"href":"https:\/\/fdp-porta.de\/FDP\/wp-json\/wp\/v2\/types\/post"}],"author":[{"embeddable":true,"href":"https:\/\/fdp-porta.de\/FDP\/wp-json\/wp\/v2\/users\/5"}],"replies":[{"embeddable":true,"href":"https:\/\/fdp-porta.de\/FDP\/wp-json\/wp\/v2\/comments?post=5547"}],"version-history":[{"count":1,"href":"https:\/\/fdp-porta.de\/FDP\/wp-json\/wp\/v2\/posts\/5547\/revisions"}],"predecessor-version":[{"id":5549,"href":"https:\/\/fdp-porta.de\/FDP\/wp-json\/wp\/v2\/posts\/5547\/revisions\/5549"}],"wp:attachment":[{"href":"https:\/\/fdp-porta.de\/FDP\/wp-json\/wp\/v2\/media?parent=5547"}],"wp:term":[{"taxonomy":"category","embeddable":true,"href":"https:\/\/fdp-porta.de\/FDP\/wp-json\/wp\/v2\/categories?post=5547"},{"taxonomy":"post_tag","embeddable":true,"href":"https:\/\/fdp-porta.de\/FDP\/wp-json\/wp\/v2\/tags?post=5547"}],"curies":[{"name":"wp","href":"https:\/\/api.w.org\/{rel}","templated":true}]}}