{"id":5540,"date":"2025-12-22T08:12:05","date_gmt":"2025-12-22T07:12:05","guid":{"rendered":"https:\/\/fdp-porta.de\/FDP\/?p=5540"},"modified":"2026-01-08T04:03:11","modified_gmt":"2026-01-08T03:03:11","slug":"der-weihnachtspolibri-2025-ist-da","status":"publish","type":"post","link":"https:\/\/fdp-porta.de\/FDP\/der-weihnachtspolibri-2025-ist-da\/","title":{"rendered":"Der Weihnachtspolibri 2025 ist da!"},"content":{"rendered":"<div class=\"wp-block-image\">\n<figure class=\"aligncenter size-large is-resized\"><a href=\"https:\/\/fdp-porta.de\/FDP\/wp-content\/uploads\/2025\/12\/Titelfoto_Polibri_Weihnachten_2025.jpg\"><img loading=\"lazy\" decoding=\"async\" width=\"1024\" height=\"720\" src=\"https:\/\/fdp-porta.de\/FDP\/wp-content\/uploads\/2025\/12\/Titelfoto_Polibri_Weihnachten_2025-1024x720.jpg\" alt=\"\" class=\"wp-image-5541\" style=\"width:600px;height:auto\" srcset=\"https:\/\/fdp-porta.de\/FDP\/wp-content\/uploads\/2025\/12\/Titelfoto_Polibri_Weihnachten_2025-1024x720.jpg 1024w, https:\/\/fdp-porta.de\/FDP\/wp-content\/uploads\/2025\/12\/Titelfoto_Polibri_Weihnachten_2025-300x211.jpg 300w, https:\/\/fdp-porta.de\/FDP\/wp-content\/uploads\/2025\/12\/Titelfoto_Polibri_Weihnachten_2025-768x540.jpg 768w, https:\/\/fdp-porta.de\/FDP\/wp-content\/uploads\/2025\/12\/Titelfoto_Polibri_Weihnachten_2025.jpg 1512w\" sizes=\"auto, (max-width: 1024px) 100vw, 1024px\" \/><\/a><\/figure>\n<\/div>\n\n\n<p class=\"has-text-align-center\">Wir w\u00fcnschen Ihnen und Ihren Familien ein besinnliches Weihnachtsfest und f\u00fcr das neue Jahr 2026 alles Gute!<\/p>\n\n\n\n<p class=\"has-text-align-center\"><a href=\"https:\/\/fdp-porta.de\/FDP\/wp-content\/uploads\/2025\/12\/Polibri-Weihnachten-2025.pdf\" target=\"_blank\" rel=\"noreferrer noopener\">Hier k\u00f6nnen Sie den neuen Polibri auch direkt herunterladen&#8230;<\/a><\/p>\n\n\n<a href=\"https:\/\/fdp-porta.de\/FDP\/wp-content\/uploads\/2025\/12\/Polibri-Weihnachten-2025.pdf\" class=\"pdfemb-viewer\" style=\"\" data-width=\"max\" data-height=\"max\" data-toolbar=\"both\" data-toolbar-fixed=\"on\">Polibri-Weihnachten-2025<\/a>","protected":false},"excerpt":{"rendered":"<p>Wir w\u00fcnschen Ihnen und Ihren Familien ein besinnliches Weihnachtsfest und f\u00fcr das neue Jahr 2026 alles Gute! Hier k\u00f6nnen Sie den neuen Polibri auch direkt herunterladen&#8230;<\/p>\n","protected":false},"author":5,"featured_media":0,"comment_status":"closed","ping_status":"closed","sticky":false,"template":"","format":"standard","meta":{"footnotes":""},"categories":[1,13,16],"tags":[],"class_list":["post-5540","post","type-post","status-publish","format-standard","hentry","category-allgemein","category-fdp-porta-westfalica-aktuell","category-polibri-fdp-porta-westfalica-aktuell"],"featured_image_src":null,"author_info":{"display_name":"Thomas Sch\u00fcrstedt","author_link":"https:\/\/fdp-porta.de\/FDP\/author\/tscynux-de\/"},"_links":{"self":[{"href":"https:\/\/fdp-porta.de\/FDP\/wp-json\/wp\/v2\/posts\/5540","targetHints":{"allow":["GET"]}}],"collection":[{"href":"https:\/\/fdp-porta.de\/FDP\/wp-json\/wp\/v2\/posts"}],"about":[{"href":"https:\/\/fdp-porta.de\/FDP\/wp-json\/wp\/v2\/types\/post"}],"author":[{"embeddable":true,"href":"https:\/\/fdp-porta.de\/FDP\/wp-json\/wp\/v2\/users\/5"}],"replies":[{"embeddable":true,"href":"https:\/\/fdp-porta.de\/FDP\/wp-json\/wp\/v2\/comments?post=5540"}],"version-history":[{"count":2,"href":"https:\/\/fdp-porta.de\/FDP\/wp-json\/wp\/v2\/posts\/5540\/revisions"}],"predecessor-version":[{"id":5544,"href":"https:\/\/fdp-porta.de\/FDP\/wp-json\/wp\/v2\/posts\/5540\/revisions\/5544"}],"wp:attachment":[{"href":"https:\/\/fdp-porta.de\/FDP\/wp-json\/wp\/v2\/media?parent=5540"}],"wp:term":[{"taxonomy":"category","embeddable":true,"href":"https:\/\/fdp-porta.de\/FDP\/wp-json\/wp\/v2\/categories?post=5540"},{"taxonomy":"post_tag","embeddable":true,"href":"https:\/\/fdp-porta.de\/FDP\/wp-json\/wp\/v2\/tags?post=5540"}],"curies":[{"name":"wp","href":"https:\/\/api.w.org\/{rel}","templated":true}]}}