{"id":5477,"date":"2025-09-08T11:23:13","date_gmt":"2025-09-08T09:23:13","guid":{"rendered":"https:\/\/fdp-porta.de\/FDP\/?p=5477"},"modified":"2025-09-08T11:28:17","modified_gmt":"2025-09-08T09:28:17","slug":"antrag-der-cdu-spd-und-fdp-fraktion-zur-veltheimer-verkehrssicherung","status":"publish","type":"post","link":"https:\/\/fdp-porta.de\/FDP\/antrag-der-cdu-spd-und-fdp-fraktion-zur-veltheimer-verkehrssicherung\/","title":{"rendered":"Antrag der CDU-, SPD- und FDP-Fraktion zur Veltheimer Verkehrssicherung"},"content":{"rendered":"<div class=\"wp-block-image\">\n<figure class=\"aligncenter size-full\"><a href=\"https:\/\/fdp-porta.de\/FDP\/wp-content\/uploads\/2025\/09\/Veltheimer_Schulwegsicherung.jpg\"><img loading=\"lazy\" decoding=\"async\" width=\"819\" height=\"1024\" src=\"https:\/\/fdp-porta.de\/FDP\/wp-content\/uploads\/2025\/09\/Veltheimer_Schulwegsicherung.jpg\" alt=\"\" class=\"wp-image-5478\" srcset=\"https:\/\/fdp-porta.de\/FDP\/wp-content\/uploads\/2025\/09\/Veltheimer_Schulwegsicherung.jpg 819w, https:\/\/fdp-porta.de\/FDP\/wp-content\/uploads\/2025\/09\/Veltheimer_Schulwegsicherung-240x300.jpg 240w, https:\/\/fdp-porta.de\/FDP\/wp-content\/uploads\/2025\/09\/Veltheimer_Schulwegsicherung-768x960.jpg 768w\" sizes=\"auto, (max-width: 819px) 100vw, 819px\" \/><\/a><\/figure>\n<\/div>\n\n\n<p>Antrag der Fraktionen von CDU&#x1f5a4;, SPD&#x2764;&#xfe0f; und FDP &#x1f49b; Porta Westfalica &#x1f4e2;<\/p>\n\n\n\n<p>Zur n\u00e4chsten Sitzung des Ausschusses f\u00fcr Stadtentwicklung (ASE) am Dienstag, den 09. September ab 17 Uhr im Rathaus, stellen die Fraktionen einen weiteren Antrag zu Verkehrssicherungsma\u00dfnahmen &#x1f6e3;&#xfe0f;&#x1f6b6;<\/p>\n\n\n\n<p>Diesmal steht nach einer Ortsbegehung mit B\u00fcrgerinnen und B\u00fcrgern, der Bereich an und um die Grundschule Veltheim im Fokus &#x1f3eb;&#x1f392;<\/p>\n\n\n\n<p>Es werden konkrete Ma\u00dfnahmen beschrieben und deren kurzfristige Umsetzung gefordert &#x1f4aa;<\/p>\n\n\n\n<p><a href=\"https:\/\/fdp-porta.de\/FDP\/wp-content\/uploads\/2025\/09\/Antrag_CDU_SPD_FDP_VerkehrssicherungVeltheim_01092025.pdf\" target=\"_blank\" rel=\"noreferrer noopener\">Hier der Antrag als PDF zum herunterladen&#8230;<\/a><\/p>\n\n\n<a href=\"https:\/\/fdp-porta.de\/FDP\/wp-content\/uploads\/2025\/09\/Antrag_CDU_SPD_FDP_VerkehrssicherungVeltheim_01092025.pdf\" class=\"pdfemb-viewer\" style=\"\" data-width=\"max\" data-height=\"max\" data-toolbar=\"both\" data-toolbar-fixed=\"on\">Antrag_CDU_SPD_FDP_VerkehrssicherungVeltheim_01092025<\/a>","protected":false},"excerpt":{"rendered":"<p>Antrag der Fraktionen von CDU&#x1f5a4;, SPD&#x2764;&#xfe0f; und FDP &#x1f49b; Porta Westfalica &#x1f4e2; Zur n\u00e4chsten Sitzung des Ausschusses f\u00fcr Stadtentwicklung (ASE) am Dienstag, den 09. September ab 17 Uhr im Rathaus, stellen die Fraktionen einen weiteren Antrag zu Verkehrssicherungsma\u00dfnahmen &#x1f6e3;&#xfe0f;&#x1f6b6; Diesmal steht nach einer Ortsbegehung mit B\u00fcrgerinnen und B\u00fcrgern, der Bereich an und um die Grundschule [&hellip;]<\/p>\n","protected":false},"author":5,"featured_media":0,"comment_status":"closed","ping_status":"closed","sticky":false,"template":"","format":"standard","meta":{"footnotes":""},"categories":[1,18,13],"tags":[],"class_list":["post-5477","post","type-post","status-publish","format-standard","hentry","category-allgemein","category-antraege","category-fdp-porta-westfalica-aktuell"],"featured_image_src":null,"author_info":{"display_name":"Thomas Sch\u00fcrstedt","author_link":"https:\/\/fdp-porta.de\/FDP\/author\/tscynux-de\/"},"_links":{"self":[{"href":"https:\/\/fdp-porta.de\/FDP\/wp-json\/wp\/v2\/posts\/5477","targetHints":{"allow":["GET"]}}],"collection":[{"href":"https:\/\/fdp-porta.de\/FDP\/wp-json\/wp\/v2\/posts"}],"about":[{"href":"https:\/\/fdp-porta.de\/FDP\/wp-json\/wp\/v2\/types\/post"}],"author":[{"embeddable":true,"href":"https:\/\/fdp-porta.de\/FDP\/wp-json\/wp\/v2\/users\/5"}],"replies":[{"embeddable":true,"href":"https:\/\/fdp-porta.de\/FDP\/wp-json\/wp\/v2\/comments?post=5477"}],"version-history":[{"count":2,"href":"https:\/\/fdp-porta.de\/FDP\/wp-json\/wp\/v2\/posts\/5477\/revisions"}],"predecessor-version":[{"id":5481,"href":"https:\/\/fdp-porta.de\/FDP\/wp-json\/wp\/v2\/posts\/5477\/revisions\/5481"}],"wp:attachment":[{"href":"https:\/\/fdp-porta.de\/FDP\/wp-json\/wp\/v2\/media?parent=5477"}],"wp:term":[{"taxonomy":"category","embeddable":true,"href":"https:\/\/fdp-porta.de\/FDP\/wp-json\/wp\/v2\/categories?post=5477"},{"taxonomy":"post_tag","embeddable":true,"href":"https:\/\/fdp-porta.de\/FDP\/wp-json\/wp\/v2\/tags?post=5477"}],"curies":[{"name":"wp","href":"https:\/\/api.w.org\/{rel}","templated":true}]}}