{"id":5223,"date":"2025-06-06T13:50:07","date_gmt":"2025-06-06T11:50:07","guid":{"rendered":"https:\/\/fdp-porta.de\/FDP\/?p=5223"},"modified":"2025-06-06T13:50:48","modified_gmt":"2025-06-06T11:50:48","slug":"ergaenzung-der-friedhofssatzung-vorzeitige-rueckgabe-ermoeglichen","status":"publish","type":"post","link":"https:\/\/fdp-porta.de\/FDP\/ergaenzung-der-friedhofssatzung-vorzeitige-rueckgabe-ermoeglichen\/","title":{"rendered":"Erg\u00e4nzung der Friedhofssatzung, Vorzeitige R\u00fcckgabe erm\u00f6glichen"},"content":{"rendered":"<div class=\"wp-block-image\">\n<figure class=\"aligncenter size-large\"><a href=\"https:\/\/fdp-porta.de\/FDP\/wp-content\/uploads\/2025\/06\/Antrag_Friedhofssatzung_20250606.jpg\"><img loading=\"lazy\" decoding=\"async\" width=\"1024\" height=\"1024\" src=\"https:\/\/fdp-porta.de\/FDP\/wp-content\/uploads\/2025\/06\/Antrag_Friedhofssatzung_20250606-1024x1024.jpg\" alt=\"\" class=\"wp-image-5224\" srcset=\"https:\/\/fdp-porta.de\/FDP\/wp-content\/uploads\/2025\/06\/Antrag_Friedhofssatzung_20250606-1024x1024.jpg 1024w, https:\/\/fdp-porta.de\/FDP\/wp-content\/uploads\/2025\/06\/Antrag_Friedhofssatzung_20250606-300x300.jpg 300w, https:\/\/fdp-porta.de\/FDP\/wp-content\/uploads\/2025\/06\/Antrag_Friedhofssatzung_20250606-150x150.jpg 150w, https:\/\/fdp-porta.de\/FDP\/wp-content\/uploads\/2025\/06\/Antrag_Friedhofssatzung_20250606-768x768.jpg 768w, https:\/\/fdp-porta.de\/FDP\/wp-content\/uploads\/2025\/06\/Antrag_Friedhofssatzung_20250606.jpg 1080w\" sizes=\"auto, (max-width: 1024px) 100vw, 1024px\" \/><\/a><\/figure>\n<\/div>\n\n\n<p class=\"has-text-align-center\"><strong>Antrag der FDP-Fraktion zum Bauausschuss am 12.06.2025\u00a0<img decoding=\"async\" src=\"https:\/\/fonts.gstatic.com\/s\/e\/notoemoji\/16.0\/1f58a_fe0f\/32.png\" alt=\"&#x1f58a;&#xfe0f;\"><\/strong><\/p>\n\n\n\n<p><br>Die FDP-Fraktion beantragt, die Verwaltung zu beauftragen, die Friedhofssatzung hinsichtlich der R\u00fcckgabe des Nutzungsrechtes von Gr\u00e4bern vor Ablauf der Ruhefrist zu erg\u00e4nzen.\u00a0<img decoding=\"async\" src=\"https:\/\/fonts.gstatic.com\/s\/e\/notoemoji\/16.0\/1f4d2\/32.png\" alt=\"&#x1f4d2;\"><br><br>Die Friedhofssatzung der Stadt Porta Westfalica sieht derzeit\u00a0keine\u00a0Regelung zur\u00a0vorzeitigen R\u00fcckgabe von\u00a0belegten\u00a0Grabstellen vor:<\/p>\n\n\n\n<p><em>\u201e\u00a7 16 (12) Das Nutzungsrecht an unbelegten Grabst\u00e4tten kann jederzeit, an teilbelegten<\/em> <em>Grabst\u00e4tten erst nach Ablauf der letzten Ruhefrist zur\u00fcckgegeben werden.\u201c<\/em><\/p>\n\n\n\n<p>Damit ergibt sich f\u00fcr die Hinterbliebenen ein langer Zeitraum, in dem die Pflege gew\u00e4hrleistet werden muss. Dies ist auch mit gutem Willen oft nicht mehr zu leisten\u00a0<img decoding=\"async\" src=\"https:\/\/fonts.gstatic.com\/s\/e\/notoemoji\/16.0\/1f6d1\/32.png\" alt=\"&#x1f6d1;\"><img decoding=\"async\" src=\"https:\/\/fonts.gstatic.com\/s\/e\/notoemoji\/16.0\/1faf7\/32.png\" alt=\"&#x1faf7;\"><br><br>Sowohl eine \u00e4lter werdende Bev\u00f6lkerung als auch die weiter entfernten Wohnorte von Kindern, Enkeln bzw. weiteren Verwandten sind u.a. Gr\u00fcnde hierf\u00fcr.\u00a0<img decoding=\"async\" src=\"https:\/\/fonts.gstatic.com\/s\/e\/notoemoji\/16.0\/1f5fa_fe0f\/32.png\" alt=\"&#x1f5fa;&#xfe0f;\"><br><br>Daher sollte folgender Passus in der Friedhofssatzung erg\u00e4nzt werden:<\/p>\n\n\n\n<p><em>\u201eAbweichend von o.g. Regelung ist die R\u00fcckgabe einer Grabst\u00e4tte mit Zustimmung des<\/em> <em>Friedhofstr\u00e4gers (hier: Stadt) auch vor Ablauf der letzten Ruhezeit m\u00f6glich, wenn die<\/em> <em>ordnungsgem\u00e4\u00dfe Instandhaltung und sp\u00e4tere Einebnung in der Verantwortung des<\/em> <em>Friedhofstr\u00e4gers durch Zahlung einer Grabpflegegeb\u00fchr sichergestellt ist. Im \u00dcbrigen hat die<\/em> <em>R\u00fcckgabe keinen Einfluss auf bereits gezahlte und noch zu zahlende Geb\u00fchren.\u201c<\/em><\/p>\n\n\n\n<p>Mit dieser Erg\u00e4nzung ergeben sich f\u00fcr die Hinterbliebenen deutliche Erleichterungen bei der Pflege. Es wird vermutet, dass insbesondere wenig (oder gar nicht) gepflegte Grabstellen\u00a0<img decoding=\"async\" src=\"https:\/\/fonts.gstatic.com\/s\/e\/notoemoji\/16.0\/1faa6\/32.png\" alt=\"&#x1faa6;\"> aufgegeben werden. Dies tr\u00e4gt dann zur optischen Aufwertung bei. Zudem kann sich f\u00fcr die Pflege durch die Stadt eine Erleichterung ergeben. Durch eine Geb\u00fchr wird ein Ausgleich f\u00fcr ebendiese Arbeit geschaffen\u00a0<img decoding=\"async\" src=\"https:\/\/fonts.gstatic.com\/s\/e\/notoemoji\/16.0\/1f4aa\/32.png\" alt=\"&#x1f4aa;\"><br><br>Diese Regelung wird z.B. in der Stadt Minden schon seit langer Zeit praktiziert. Konkret wird eine bestimmte Pauschalsumme f\u00fcr jedes Jahr der verbleibenden Ruhezeit f\u00fcr die Pflege gezahlt. Ein Grabstein kann weiter verbleiben. Es darf wohl auch einmal im Jahr zum Totensonntag ein Gesteck o.\u00e4. abgelegt werden. Konkrete Details zu Kosten und Erfahrungen sind von der Verwaltung z.B. bei der Stadt Minden zu ermitteln\u00a0<img decoding=\"async\" src=\"https:\/\/fonts.gstatic.com\/s\/e\/notoemoji\/16.0\/1f4d6\/32.png\" alt=\"&#x1f4d6;\"><img decoding=\"async\" src=\"https:\/\/fonts.gstatic.com\/s\/e\/notoemoji\/16.0\/1f9fe\/32.png\" alt=\"&#x1f9fe;\"><\/p>\n\n\n\n<p>F\u00fcr Dein Porta&nbsp;<img decoding=\"async\" alt=\"&#x1faf6;\" src=\"https:\/\/fonts.gstatic.com\/s\/e\/notoemoji\/16.0\/1faf6\/32.png\"><\/p>\n\n\n\n<p>Hier der Antrag, <a href=\"https:\/\/fdp-porta.de\/FDP\/wp-content\/uploads\/2025\/06\/B34_FDP_PORTA_Antrag_Ergaenzung_Friedhofssatzung_20250605.pdf\" target=\"_blank\" rel=\"noreferrer noopener\">auch zum herunterladen&#8230;<\/a><\/p>\n\n\n<a href=\"https:\/\/fdp-porta.de\/FDP\/wp-content\/uploads\/2025\/06\/B34_FDP_PORTA_Antrag_Ergaenzung_Friedhofssatzung_20250605.pdf\" class=\"pdfemb-viewer\" style=\"\" data-width=\"max\" data-height=\"max\" data-toolbar=\"both\" data-toolbar-fixed=\"on\">B34_FDP_PORTA_Antrag_Ergaenzung_Friedhofssatzung_20250605<\/a>","protected":false},"excerpt":{"rendered":"<p>Antrag der FDP-Fraktion zum Bauausschuss am 12.06.2025\u00a0 Die FDP-Fraktion beantragt, die Verwaltung zu beauftragen, die Friedhofssatzung hinsichtlich der R\u00fcckgabe des Nutzungsrechtes von Gr\u00e4bern vor Ablauf der Ruhefrist zu erg\u00e4nzen.\u00a0 Die Friedhofssatzung der Stadt Porta Westfalica sieht derzeit\u00a0keine\u00a0Regelung zur\u00a0vorzeitigen R\u00fcckgabe von\u00a0belegten\u00a0Grabstellen vor: \u201e\u00a7 16 (12) Das Nutzungsrecht an unbelegten Grabst\u00e4tten kann jederzeit, an teilbelegten Grabst\u00e4tten erst [&hellip;]<\/p>\n","protected":false},"author":5,"featured_media":0,"comment_status":"closed","ping_status":"closed","sticky":false,"template":"","format":"standard","meta":{"footnotes":""},"categories":[1,18,13],"tags":[],"class_list":["post-5223","post","type-post","status-publish","format-standard","hentry","category-allgemein","category-antraege","category-fdp-porta-westfalica-aktuell"],"featured_image_src":null,"author_info":{"display_name":"Thomas Sch\u00fcrstedt","author_link":"https:\/\/fdp-porta.de\/FDP\/author\/tscynux-de\/"},"_links":{"self":[{"href":"https:\/\/fdp-porta.de\/FDP\/wp-json\/wp\/v2\/posts\/5223","targetHints":{"allow":["GET"]}}],"collection":[{"href":"https:\/\/fdp-porta.de\/FDP\/wp-json\/wp\/v2\/posts"}],"about":[{"href":"https:\/\/fdp-porta.de\/FDP\/wp-json\/wp\/v2\/types\/post"}],"author":[{"embeddable":true,"href":"https:\/\/fdp-porta.de\/FDP\/wp-json\/wp\/v2\/users\/5"}],"replies":[{"embeddable":true,"href":"https:\/\/fdp-porta.de\/FDP\/wp-json\/wp\/v2\/comments?post=5223"}],"version-history":[{"count":1,"href":"https:\/\/fdp-porta.de\/FDP\/wp-json\/wp\/v2\/posts\/5223\/revisions"}],"predecessor-version":[{"id":5226,"href":"https:\/\/fdp-porta.de\/FDP\/wp-json\/wp\/v2\/posts\/5223\/revisions\/5226"}],"wp:attachment":[{"href":"https:\/\/fdp-porta.de\/FDP\/wp-json\/wp\/v2\/media?parent=5223"}],"wp:term":[{"taxonomy":"category","embeddable":true,"href":"https:\/\/fdp-porta.de\/FDP\/wp-json\/wp\/v2\/categories?post=5223"},{"taxonomy":"post_tag","embeddable":true,"href":"https:\/\/fdp-porta.de\/FDP\/wp-json\/wp\/v2\/tags?post=5223"}],"curies":[{"name":"wp","href":"https:\/\/api.w.org\/{rel}","templated":true}]}}