{"id":5219,"date":"2025-06-06T13:22:09","date_gmt":"2025-06-06T11:22:09","guid":{"rendered":"https:\/\/fdp-porta.de\/FDP\/?p=5219"},"modified":"2025-06-06T13:22:59","modified_gmt":"2025-06-06T11:22:59","slug":"ehrenamt-durch-ehrenamtsbuero-aufwerten","status":"publish","type":"post","link":"https:\/\/fdp-porta.de\/FDP\/ehrenamt-durch-ehrenamtsbuero-aufwerten\/","title":{"rendered":"Ehrenamt durch Ehrenamtsb\u00fcro aufwerten"},"content":{"rendered":"<div class=\"wp-block-image\">\n<figure class=\"aligncenter size-large\"><a href=\"https:\/\/fdp-porta.de\/FDP\/wp-content\/uploads\/2025\/06\/Antrag_Ehrenamtsbuero_20250606.jpg\"><img loading=\"lazy\" decoding=\"async\" width=\"1024\" height=\"1024\" src=\"https:\/\/fdp-porta.de\/FDP\/wp-content\/uploads\/2025\/06\/Antrag_Ehrenamtsbuero_20250606-1024x1024.jpg\" alt=\"\" class=\"wp-image-5220\" srcset=\"https:\/\/fdp-porta.de\/FDP\/wp-content\/uploads\/2025\/06\/Antrag_Ehrenamtsbuero_20250606-1024x1024.jpg 1024w, https:\/\/fdp-porta.de\/FDP\/wp-content\/uploads\/2025\/06\/Antrag_Ehrenamtsbuero_20250606-300x300.jpg 300w, https:\/\/fdp-porta.de\/FDP\/wp-content\/uploads\/2025\/06\/Antrag_Ehrenamtsbuero_20250606-150x150.jpg 150w, https:\/\/fdp-porta.de\/FDP\/wp-content\/uploads\/2025\/06\/Antrag_Ehrenamtsbuero_20250606-768x768.jpg 768w, https:\/\/fdp-porta.de\/FDP\/wp-content\/uploads\/2025\/06\/Antrag_Ehrenamtsbuero_20250606.jpg 1080w\" sizes=\"auto, (max-width: 1024px) 100vw, 1024px\" \/><\/a><\/figure>\n<\/div>\n\n\n<p class=\"has-text-align-center\"><strong>Antrag der FDP-Fraktion zum Haushalts- und Finanzausschuss (HFA) am 18. Juni 2025<img decoding=\"async\" src=\"https:\/\/fonts.gstatic.com\/s\/e\/notoemoji\/16.0\/1f58a_fe0f\/32.png\" alt=\"&#x1f58a;&#xfe0f;\"><\/strong><\/p>\n\n\n\n<p class=\"has-text-align-left\"><br>Erweiterung der Ehrenamtsb\u00f6rse um ein Ehrenamtsb\u00fcro &amp; prominentere Platzierung des Ehrenamts auf der st\u00e4dtischen Webseite\u00a0<img decoding=\"async\" src=\"https:\/\/fonts.gstatic.com\/s\/e\/notoemoji\/16.0\/1f4d2\/32.png\" alt=\"&#x1f4d2;\"><br><br>Das kommunale Ehrenamt ist der Kitt, der die Gesellschaft zusammenh\u00e4lt\u00a0<img decoding=\"async\" src=\"https:\/\/fonts.gstatic.com\/s\/e\/notoemoji\/16.0\/1f4aa\/32.png\" alt=\"&#x1f4aa;\"><br><br>Dadurch werden viele Dinge m\u00f6glich, welche ansonsten nicht umsetzbar w\u00e4ren, bzw. bereits dem Rotstift\u00a0<img decoding=\"async\" src=\"https:\/\/fonts.gstatic.com\/s\/e\/notoemoji\/16.0\/1f6d1\/32.png\" alt=\"&#x1f6d1;\">\u00a0zum Opfer gefallen w\u00e4ren.<\/p>\n\n\n\n<p>&#8222;<em>Aber nichts ist so gut, dass es nicht noch besser gemacht werden kann.<\/em>&#8222;, so Fraktionsvorsitzende Cornelia M\u00fcller-Dieker\u00a0<img decoding=\"async\" src=\"https:\/\/fonts.gstatic.com\/s\/e\/notoemoji\/16.0\/1f4ac\/32.png\" alt=\"&#x1f4ac;\"><\/p>\n\n\n\n<p>Daher beantragt die FDP Fraktion im Rat der Stadt Porta Westfalica, die prominentere Platzierung des Ehrenamts auf der st\u00e4dtischen Webseite und die Einrichtung eines Ehrenamtsb\u00fcros, als zentrale Anlaufstelle\u00a0<img decoding=\"async\" src=\"https:\/\/fonts.gstatic.com\/s\/e\/notoemoji\/16.0\/1f3e2\/32.png\" alt=\"&#x1f3e2;\"><br><br>Dadurch soll es allen portaner B\u00fcrgerrinnen und B\u00fcrgern einfacher gemacht werden, ihr ehrenamtliches Engagement in die Tat umsetzen zu k\u00f6nnen\u00a0<img decoding=\"async\" src=\"https:\/\/fonts.gstatic.com\/s\/e\/notoemoji\/16.0\/1f6b8\/32.png\" alt=\"&#x1f6b8;\"><\/p>\n\n\n\n<p class=\"has-text-align-center\">F\u00fcr Dein Porta, F\u00fcr Dein Portaner Ehrenamt&nbsp;<img decoding=\"async\" alt=\"&#x1faf6;\" src=\"https:\/\/fonts.gstatic.com\/s\/e\/notoemoji\/16.0\/1faf6\/32.png\"><\/p>\n\n\n\n<p><a href=\"https:\/\/fdp-porta.de\/FDP\/wp-content\/uploads\/2025\/06\/B33_FDP_PORTA_Antrag_Einrichtung_Ehrenamtsbuero_20250528.pdf\" target=\"_blank\" rel=\"noreferrer noopener\">Hier der Antrag auch zum Download&#8230;<\/a><\/p>\n\n\n<a href=\"https:\/\/fdp-porta.de\/FDP\/wp-content\/uploads\/2025\/06\/B33_FDP_PORTA_Antrag_Einrichtung_Ehrenamtsbuero_20250528.pdf\" class=\"pdfemb-viewer\" style=\"\" data-width=\"max\" data-height=\"max\" data-toolbar=\"both\" data-toolbar-fixed=\"on\">B33_FDP_PORTA_Antrag_Einrichtung_Ehrenamtsbuero_20250528<\/a>","protected":false},"excerpt":{"rendered":"<p>Antrag der FDP-Fraktion zum Haushalts- und Finanzausschuss (HFA) am 18. Juni 2025 Erweiterung der Ehrenamtsb\u00f6rse um ein Ehrenamtsb\u00fcro &amp; prominentere Platzierung des Ehrenamts auf der st\u00e4dtischen Webseite\u00a0 Das kommunale Ehrenamt ist der Kitt, der die Gesellschaft zusammenh\u00e4lt\u00a0 Dadurch werden viele Dinge m\u00f6glich, welche ansonsten nicht umsetzbar w\u00e4ren, bzw. bereits dem Rotstift\u00a0\u00a0zum Opfer gefallen w\u00e4ren. &#8222;Aber [&hellip;]<\/p>\n","protected":false},"author":5,"featured_media":0,"comment_status":"closed","ping_status":"closed","sticky":false,"template":"","format":"standard","meta":{"footnotes":""},"categories":[1,18,13],"tags":[],"class_list":["post-5219","post","type-post","status-publish","format-standard","hentry","category-allgemein","category-antraege","category-fdp-porta-westfalica-aktuell"],"featured_image_src":null,"author_info":{"display_name":"Thomas Sch\u00fcrstedt","author_link":"https:\/\/fdp-porta.de\/FDP\/author\/tscynux-de\/"},"_links":{"self":[{"href":"https:\/\/fdp-porta.de\/FDP\/wp-json\/wp\/v2\/posts\/5219","targetHints":{"allow":["GET"]}}],"collection":[{"href":"https:\/\/fdp-porta.de\/FDP\/wp-json\/wp\/v2\/posts"}],"about":[{"href":"https:\/\/fdp-porta.de\/FDP\/wp-json\/wp\/v2\/types\/post"}],"author":[{"embeddable":true,"href":"https:\/\/fdp-porta.de\/FDP\/wp-json\/wp\/v2\/users\/5"}],"replies":[{"embeddable":true,"href":"https:\/\/fdp-porta.de\/FDP\/wp-json\/wp\/v2\/comments?post=5219"}],"version-history":[{"count":1,"href":"https:\/\/fdp-porta.de\/FDP\/wp-json\/wp\/v2\/posts\/5219\/revisions"}],"predecessor-version":[{"id":5222,"href":"https:\/\/fdp-porta.de\/FDP\/wp-json\/wp\/v2\/posts\/5219\/revisions\/5222"}],"wp:attachment":[{"href":"https:\/\/fdp-porta.de\/FDP\/wp-json\/wp\/v2\/media?parent=5219"}],"wp:term":[{"taxonomy":"category","embeddable":true,"href":"https:\/\/fdp-porta.de\/FDP\/wp-json\/wp\/v2\/categories?post=5219"},{"taxonomy":"post_tag","embeddable":true,"href":"https:\/\/fdp-porta.de\/FDP\/wp-json\/wp\/v2\/tags?post=5219"}],"curies":[{"name":"wp","href":"https:\/\/api.w.org\/{rel}","templated":true}]}}