{"id":5213,"date":"2025-05-27T08:06:39","date_gmt":"2025-05-27T06:06:39","guid":{"rendered":"https:\/\/fdp-porta.de\/FDP\/?p=5213"},"modified":"2025-05-27T08:07:27","modified_gmt":"2025-05-27T06:07:27","slug":"foerderrichtlinie-aerztliche-versorgung-fuer-porta","status":"publish","type":"post","link":"https:\/\/fdp-porta.de\/FDP\/foerderrichtlinie-aerztliche-versorgung-fuer-porta\/","title":{"rendered":"F\u00f6rderrichtlinie \u00e4rztliche Versorgung f\u00fcr Porta"},"content":{"rendered":"<div class=\"wp-block-image\">\n<figure class=\"aligncenter size-large\"><a href=\"https:\/\/fdp-porta.de\/FDP\/wp-content\/uploads\/2025\/05\/SM_Post_Foerderrichtlinie_aerztliche_Versorgung_20250526.jpg\"><img loading=\"lazy\" decoding=\"async\" width=\"1024\" height=\"1024\" src=\"https:\/\/fdp-porta.de\/FDP\/wp-content\/uploads\/2025\/05\/SM_Post_Foerderrichtlinie_aerztliche_Versorgung_20250526-1024x1024.jpg\" alt=\"\" class=\"wp-image-5214\" srcset=\"https:\/\/fdp-porta.de\/FDP\/wp-content\/uploads\/2025\/05\/SM_Post_Foerderrichtlinie_aerztliche_Versorgung_20250526-1024x1024.jpg 1024w, https:\/\/fdp-porta.de\/FDP\/wp-content\/uploads\/2025\/05\/SM_Post_Foerderrichtlinie_aerztliche_Versorgung_20250526-300x300.jpg 300w, https:\/\/fdp-porta.de\/FDP\/wp-content\/uploads\/2025\/05\/SM_Post_Foerderrichtlinie_aerztliche_Versorgung_20250526-150x150.jpg 150w, https:\/\/fdp-porta.de\/FDP\/wp-content\/uploads\/2025\/05\/SM_Post_Foerderrichtlinie_aerztliche_Versorgung_20250526-768x768.jpg 768w, https:\/\/fdp-porta.de\/FDP\/wp-content\/uploads\/2025\/05\/SM_Post_Foerderrichtlinie_aerztliche_Versorgung_20250526.jpg 1080w\" sizes=\"auto, (max-width: 1024px) 100vw, 1024px\" \/><\/a><\/figure>\n<\/div>\n\n\n<p class=\"has-text-align-center\"><strong>Antrag der FDP-Fraktion zum Ausschuss f\u00fcr Stadtentwicklung (ASE) am 3.6.2025\u00a0<img decoding=\"async\" src=\"https:\/\/fonts.gstatic.com\/s\/e\/notoemoji\/16.0\/1f58a_fe0f\/32.png\" alt=\"&#x1f58a;&#xfe0f;\"><\/strong><\/p>\n\n\n\n<p><br>Die FDP-Fraktion beantragt, die Verwaltung zu beauftragen, den Entwurf einer F\u00f6rderrichtlinie zur Sicherstellung der allgemein\u00e4rztlichen Versorgung zu erarbeiten&nbsp;<img decoding=\"async\" src=\"https:\/\/fonts.gstatic.com\/s\/e\/notoemoji\/16.0\/1f4d2\/32.png\" alt=\"&#x1f4d2;\"><br><br>Die \u00e4rztliche Versorgung auf dem Gebiet der Stadt Porta Westfalica ist lt. aktuellen Zahlen der KVWL (Kassen\u00e4rztlichen Vereinigung Westfalen-Lippe) mit Stand v. 25. November 2024, mit einem Versorgungsgrad von nur 65,9% sehr schlecht&nbsp;<img decoding=\"async\" src=\"https:\/\/fonts.gstatic.com\/s\/e\/notoemoji\/16.0\/1f631\/32.png\" alt=\"&#x1f631;\"><br><br>In Porta Westfalica werden 36.300 Einwohner von nur 14,75 \u00c4rzten (VZ\u00c4) versorgt. Die damit je Arzt zu versorgende Einwohnerzahl von 2.461 liegt 50% \u00fcber der Soll-Anzahl von 1.607 Einwohnern je Arzt&nbsp;<img decoding=\"async\" src=\"https:\/\/fonts.gstatic.com\/s\/e\/notoemoji\/16.0\/1f4c9\/32.png\" alt=\"&#x1f4c9;\"><\/p>\n\n\n\n<p>Hier m\u00fcssen wir #gemeinsam dringend t\u00e4tig werden und strukturiert, wie zielgerichtet Ma\u00dfnahmen erarbeiten und die Umsetzung beginnen&nbsp;<img decoding=\"async\" src=\"https:\/\/fonts.gstatic.com\/s\/e\/notoemoji\/16.0\/1f4aa\/32.png\" alt=\"&#x1f4aa;\"><\/p>\n\n\n\n<p>Unsere Ideen orientieren sich dabei an umliegenden Kommunen und Kreisen, in welchen neben finanziellen, auch weitere Unterst\u00fctzungsleistungen f\u00fcr niederlassungswillige \u00c4rztinnen und \u00c4rzte sehr erfolgreich angeboten werden&nbsp;<img decoding=\"async\" src=\"https:\/\/fonts.gstatic.com\/s\/e\/notoemoji\/16.0\/1f468_200d_2695_fe0f\/32.png\" alt=\"&#x1f468;&#x200d;&#x2695;&#xfe0f;\"><img decoding=\"async\" src=\"https:\/\/fonts.gstatic.com\/s\/e\/notoemoji\/16.0\/1fa7a\/32.png\" alt=\"&#x1fa7a;\"><\/p>\n\n\n\n<p>Wir sind zuversichtlich die Trendumkehr auch in Porta ansto\u00dfen und nachhaltig umsetzen zu k\u00f6nnen&nbsp;<img decoding=\"async\" alt=\"&#x1f3e0;\" src=\"https:\/\/fonts.gstatic.com\/s\/e\/notoemoji\/16.0\/1f3e0\/32.png\"><img decoding=\"async\" alt=\"&#x1f4c8;\" src=\"https:\/\/fonts.gstatic.com\/s\/e\/notoemoji\/16.0\/1f4c8\/32.png\"><\/p>\n\n\n\n<p>F\u00fcr Dein Porta, F\u00fcr Deine Portaner Gesundheitsversorgung&nbsp;<img decoding=\"async\" alt=\"&#x1faf6;\" src=\"https:\/\/fonts.gstatic.com\/s\/e\/notoemoji\/16.0\/1faf6\/32.png\"><\/p>\n\n\n\n<p>Hier der Antrag als PDF, <a href=\"https:\/\/fdp-porta.de\/FDP\/wp-content\/uploads\/2025\/05\/B32_FDP_PORTA_Foerderrichtlinie_Allgemeinmediziner_20250524.pdf\" target=\"_blank\" rel=\"noreferrer noopener\">auch zum herunterladen&#8230;<\/a><\/p>\n\n\n<a href=\"https:\/\/fdp-porta.de\/FDP\/wp-content\/uploads\/2025\/05\/B32_FDP_PORTA_Foerderrichtlinie_Allgemeinmediziner_20250524.pdf\" class=\"pdfemb-viewer\" style=\"\" data-width=\"max\" data-height=\"max\" data-toolbar=\"both\" data-toolbar-fixed=\"on\">B32_FDP_PORTA_Foerderrichtlinie_Allgemeinmediziner_20250524<\/a>","protected":false},"excerpt":{"rendered":"<p>Antrag der FDP-Fraktion zum Ausschuss f\u00fcr Stadtentwicklung (ASE) am 3.6.2025\u00a0 Die FDP-Fraktion beantragt, die Verwaltung zu beauftragen, den Entwurf einer F\u00f6rderrichtlinie zur Sicherstellung der allgemein\u00e4rztlichen Versorgung zu erarbeiten&nbsp; Die \u00e4rztliche Versorgung auf dem Gebiet der Stadt Porta Westfalica ist lt. aktuellen Zahlen der KVWL (Kassen\u00e4rztlichen Vereinigung Westfalen-Lippe) mit Stand v. 25. November 2024, mit einem [&hellip;]<\/p>\n","protected":false},"author":5,"featured_media":0,"comment_status":"closed","ping_status":"closed","sticky":false,"template":"","format":"standard","meta":{"footnotes":""},"categories":[1,18,13],"tags":[],"class_list":["post-5213","post","type-post","status-publish","format-standard","hentry","category-allgemein","category-antraege","category-fdp-porta-westfalica-aktuell"],"featured_image_src":null,"author_info":{"display_name":"Thomas Sch\u00fcrstedt","author_link":"https:\/\/fdp-porta.de\/FDP\/author\/tscynux-de\/"},"_links":{"self":[{"href":"https:\/\/fdp-porta.de\/FDP\/wp-json\/wp\/v2\/posts\/5213","targetHints":{"allow":["GET"]}}],"collection":[{"href":"https:\/\/fdp-porta.de\/FDP\/wp-json\/wp\/v2\/posts"}],"about":[{"href":"https:\/\/fdp-porta.de\/FDP\/wp-json\/wp\/v2\/types\/post"}],"author":[{"embeddable":true,"href":"https:\/\/fdp-porta.de\/FDP\/wp-json\/wp\/v2\/users\/5"}],"replies":[{"embeddable":true,"href":"https:\/\/fdp-porta.de\/FDP\/wp-json\/wp\/v2\/comments?post=5213"}],"version-history":[{"count":2,"href":"https:\/\/fdp-porta.de\/FDP\/wp-json\/wp\/v2\/posts\/5213\/revisions"}],"predecessor-version":[{"id":5217,"href":"https:\/\/fdp-porta.de\/FDP\/wp-json\/wp\/v2\/posts\/5213\/revisions\/5217"}],"wp:attachment":[{"href":"https:\/\/fdp-porta.de\/FDP\/wp-json\/wp\/v2\/media?parent=5213"}],"wp:term":[{"taxonomy":"category","embeddable":true,"href":"https:\/\/fdp-porta.de\/FDP\/wp-json\/wp\/v2\/categories?post=5213"},{"taxonomy":"post_tag","embeddable":true,"href":"https:\/\/fdp-porta.de\/FDP\/wp-json\/wp\/v2\/tags?post=5213"}],"curies":[{"name":"wp","href":"https:\/\/api.w.org\/{rel}","templated":true}]}}