{"id":5035,"date":"2025-01-18T08:20:05","date_gmt":"2025-01-18T07:20:05","guid":{"rendered":"https:\/\/fdp-porta.de\/FDP\/?p=5035"},"modified":"2025-01-18T11:55:50","modified_gmt":"2025-01-18T10:55:50","slug":"dinge-einfach-mal-anpacken-cornelia-mueller-dieker-fdp-ist-seit-25-jahren-im-stadtrat-von-porta","status":"publish","type":"post","link":"https:\/\/fdp-porta.de\/FDP\/dinge-einfach-mal-anpacken-cornelia-mueller-dieker-fdp-ist-seit-25-jahren-im-stadtrat-von-porta\/","title":{"rendered":"\u201eDinge einfach mal anpacken\u201c: Cornelia M\u00fcller-Dieker (FDP) ist seit 25 Jahren im Stadtrat von Porta"},"content":{"rendered":"<div class=\"wp-block-image\">\n<figure class=\"aligncenter size-large\"><a href=\"https:\/\/fdp-porta.de\/FDP\/wp-content\/uploads\/2025\/01\/Cornelia_MT_25Jahre_Rat-2.jpg\"><img loading=\"lazy\" decoding=\"async\" width=\"1024\" height=\"1024\" src=\"https:\/\/fdp-porta.de\/FDP\/wp-content\/uploads\/2025\/01\/Cornelia_MT_25Jahre_Rat-2-1024x1024.jpg\" alt=\"\" class=\"wp-image-5037\" srcset=\"https:\/\/fdp-porta.de\/FDP\/wp-content\/uploads\/2025\/01\/Cornelia_MT_25Jahre_Rat-2-1024x1024.jpg 1024w, https:\/\/fdp-porta.de\/FDP\/wp-content\/uploads\/2025\/01\/Cornelia_MT_25Jahre_Rat-2-300x300.jpg 300w, https:\/\/fdp-porta.de\/FDP\/wp-content\/uploads\/2025\/01\/Cornelia_MT_25Jahre_Rat-2-150x150.jpg 150w, https:\/\/fdp-porta.de\/FDP\/wp-content\/uploads\/2025\/01\/Cornelia_MT_25Jahre_Rat-2-768x768.jpg 768w, https:\/\/fdp-porta.de\/FDP\/wp-content\/uploads\/2025\/01\/Cornelia_MT_25Jahre_Rat-2.jpg 1080w\" sizes=\"auto, (max-width: 1024px) 100vw, 1024px\" \/><\/a><\/figure>\n<\/div>\n\n\n<p>Cornelia M\u00fcller-Dieker (FDP) macht seit 25 Jahren Politik im Portaner Stadtrat. Anfangs k\u00e4mpfte sie sich durch dicke Papierstapel, heute liest sie Verwaltungsvorlagen auf dem iPad. Aber eines hat sich nicht ver\u00e4ndert: Ihr Eindruck, dass politische Entscheidungen oft viel zu lange brauchen.<\/p>\n\n\n\n<p>Porta Westfalica. Politik spielte im Leben von Cornelia M\u00fcller-Dieker schon immer eine Rolle, schlie\u00dflich war ihr Vater Fritz Dieker nicht nur Pr\u00e4sident des ostwestf\u00e4lischen Hotel- und Gastst\u00e4ttenverbandes,<br>sondern auch ein f\u00fchrender FDP-Kommunalpolitiker. Sein Hotel Friedenstal war h\u00e4ufig politischer Treffpunkt. Cornelia M\u00fcller-Dieker und ihr Mann Thomas leiteten selbst viele Jahre lang das Hotel, sp\u00e4ter wurde dieses abgerissen, heute steht dort ein Pflegeheim.<\/p>\n\n\n\n<p>In den 1990er-Jahren engagierte sich Cornelia M\u00fcller-Dieker zunehmend f\u00fcr liberale Politik, seit 1999 hat sie durchgehend ein Ratsmandat inne. F\u00fcr ihr 25-j\u00e4hriges ehrenamtliches Engagement in der Kommunalpolitik wurde die Barkhauserin k\u00fcrzlich von B\u00fcrgermeisterin Anke Grotjohann (Gr\u00fcne) geehrt.<br><\/p>\n\n\n\n<p>Die FDP-Fraktionschefin blickt im MT-Gespr\u00e4ch auf H\u00f6hen und Tiefen dieser Zeit zur\u00fcck. Einmal dachte die 71-J\u00e4hrige ernsthaft ans Aufh\u00f6ren, inzwischen aber macht ihr Politik wieder mehr Spa\u00df &#8211; trotz der aktuell recht prek\u00e4ren Situation ihrer Partei.<\/p>\n\n\n\n<p>[&#8230;] Weiterlesen auf MT.de (MT+ Beitrag):&nbsp;<a href=\"https:\/\/www.mt.de\/lokales\/porta-westfalica\/Dinge-einfach-mal-anpacken-Cornelia-Mueller-Dieker-FDP-ist-seit-25-Jahren-im-Stadtrat-von-Porta-24019596.html\" target=\"_blank\" rel=\"noreferrer noopener\">https:\/\/www.mt.de\/lokales\/porta-westfalica\/Dinge-einfach-mal-anpacken-Cornelia-Mueller-Dieker-FDP-ist-seit-25-Jahren-im-Stadtrat-von-Porta-24019596.html<\/a><\/p>\n\n\n\n<p><strong>Copyright: Mindener Tageblatt, Ver\u00f6ffentlichungsdatum. Texte und Fotos aus dem Mindener Tageblatt sind urheberrechtlich gesch\u00fctzt. Weiterverwendung nur mit schriftlicher Genehmigung der Redaktion<\/strong><\/p>\n","protected":false},"excerpt":{"rendered":"<p>Cornelia M\u00fcller-Dieker (FDP) macht seit 25 Jahren Politik im Portaner Stadtrat. Anfangs k\u00e4mpfte sie sich durch dicke Papierstapel, heute liest sie Verwaltungsvorlagen auf dem iPad. Aber eines hat sich nicht ver\u00e4ndert: Ihr Eindruck, dass politische Entscheidungen oft viel zu lange brauchen. Porta Westfalica. Politik spielte im Leben von Cornelia M\u00fcller-Dieker schon immer eine Rolle, schlie\u00dflich [&hellip;]<\/p>\n","protected":false},"author":5,"featured_media":0,"comment_status":"closed","ping_status":"closed","sticky":false,"template":"","format":"standard","meta":{"footnotes":""},"categories":[1,13,17],"tags":[],"class_list":["post-5035","post","type-post","status-publish","format-standard","hentry","category-allgemein","category-fdp-porta-westfalica-aktuell","category-pressemitteilungen"],"featured_image_src":null,"author_info":{"display_name":"Thomas Sch\u00fcrstedt","author_link":"https:\/\/fdp-porta.de\/FDP\/author\/tscynux-de\/"},"_links":{"self":[{"href":"https:\/\/fdp-porta.de\/FDP\/wp-json\/wp\/v2\/posts\/5035","targetHints":{"allow":["GET"]}}],"collection":[{"href":"https:\/\/fdp-porta.de\/FDP\/wp-json\/wp\/v2\/posts"}],"about":[{"href":"https:\/\/fdp-porta.de\/FDP\/wp-json\/wp\/v2\/types\/post"}],"author":[{"embeddable":true,"href":"https:\/\/fdp-porta.de\/FDP\/wp-json\/wp\/v2\/users\/5"}],"replies":[{"embeddable":true,"href":"https:\/\/fdp-porta.de\/FDP\/wp-json\/wp\/v2\/comments?post=5035"}],"version-history":[{"count":2,"href":"https:\/\/fdp-porta.de\/FDP\/wp-json\/wp\/v2\/posts\/5035\/revisions"}],"predecessor-version":[{"id":5038,"href":"https:\/\/fdp-porta.de\/FDP\/wp-json\/wp\/v2\/posts\/5035\/revisions\/5038"}],"wp:attachment":[{"href":"https:\/\/fdp-porta.de\/FDP\/wp-json\/wp\/v2\/media?parent=5035"}],"wp:term":[{"taxonomy":"category","embeddable":true,"href":"https:\/\/fdp-porta.de\/FDP\/wp-json\/wp\/v2\/categories?post=5035"},{"taxonomy":"post_tag","embeddable":true,"href":"https:\/\/fdp-porta.de\/FDP\/wp-json\/wp\/v2\/tags?post=5035"}],"curies":[{"name":"wp","href":"https:\/\/api.w.org\/{rel}","templated":true}]}}