{"id":4990,"date":"2024-10-26T07:52:01","date_gmt":"2024-10-26T05:52:01","guid":{"rendered":"https:\/\/fdp-porta.de\/FDP\/?p=4990"},"modified":"2024-10-26T07:52:35","modified_gmt":"2024-10-26T05:52:35","slug":"kritik-an-der-waehlergemeinschaft","status":"publish","type":"post","link":"https:\/\/fdp-porta.de\/FDP\/kritik-an-der-waehlergemeinschaft\/","title":{"rendered":"Kritik an der W\u00e4hlergemeinschaft"},"content":{"rendered":"\n<p>Ver\u00e4rgerung und Unverst\u00e4ndnis bei CDU, SPD, Gr\u00fcnen und FDP<\/p>\n\n\n\n<p>Die Fraktionsvorsitzenden Kurt Baberske (CDU), Dirk Rahnenf\u00fchrer (SPD), Marc Weber (B\u00fcndnis 90\/Die Gr\u00fcnen), Cornelia M\u00fcller-Dieker (FDP), sind sich einig, dass an vielen Stellen der Rotstift angesetzt werden muss.<br>Daf\u00fcr haben alle Fraktionen in K\u00fcrze ihre Haushaltsklausuren. Die Verwaltung hat hierf\u00fcr eine Liste der freiwilligen Leistungen erstellt und es den Fraktionen zukommen lassen.<br>Au\u00dferdem hat die B\u00fcrgermeisterin, Anke Grotjohann, den Fraktionsvorsitzenden, auch Herrn Lehmann von der WP, eine erste Liste der Stellenbedarfe erl\u00e4utert. Klar war hier allen, dass diese nur ein Diskussionspapier ist und als Maximalanforderung der Sachgebiete zu verstehen ist.<br><br>Es geht nun darum, dass Politik gemeinsam mit der Verwaltung tragbare L\u00f6sungen zur Bew\u00e4ltigung der aktuellen Haushaltssituation erarbeitet.<br><br>Bei dem hohen Defizit von \u00fcber 14 Millionen Euro ist uns klar, dass es keine Tabus geben darf.<br>Diese Aussage der B\u00fcrgermeisterin ist v\u00f6llig richtig und man sollte sie nicht wie die WP als Allgemeinfloskel einfach abtun.<br>Es wird in den Haushaltsplanberatungen \u00fcber viele gro\u00dfe Infrastrukturma\u00dfnahmen zu reden sein. Stellvertretend seien hier nur die Bauma\u00dfnahmen an den Grundschulen, die Sanierung des Porta Bades und der der Eisberger Br\u00fccke genannt.<br>Nicht zu vergessen das Projekt \u201eHauptwache der Feuerwehr\u201c.<br><br>Die vier Fraktionen sind hier im Austausch und auf der Suche nach Einsparpotentialen.&nbsp;<br><br>Die W\u00e4hlergemeinschaft erhebt den Vorwurf der \u201eStrategieblindheit&#8220;.<br>Dabei ist die WP immer die Fraktion, die bereit ist, h\u00f6here finanzielle Forderungen ohne Finanzkompensationen zu stellen. Stellvertretend sei hier der Neubau der Grundschule Lerbeck genannt und die damit verbundenen gro\u00dfen, zeitlichen Verz\u00f6gerungen.<br><br>Der Fraktionsvorsitzende Dietmar Lehmann fordert lediglich zur L\u00f6sung eine interfraktionelle Arbeitsgruppe und von der Verwaltung konkrete Sparma\u00dfnahmen.<br>Er fragt in der \u00dcberschrift der Pressemitteilung \u201eWoran sparen?\u201c. Scheinbar hat die WP keine eigenen Sparvorschl\u00e4ge.<\/p>\n\n\n<div class=\"wp-block-image\">\n<figure class=\"aligncenter size-large\"><a href=\"https:\/\/fdp-porta.de\/FDP\/wp-content\/uploads\/2024\/10\/Social_Media_Kritik_WP_2024_10.jpg\"><img loading=\"lazy\" decoding=\"async\" width=\"1024\" height=\"1024\" src=\"https:\/\/fdp-porta.de\/FDP\/wp-content\/uploads\/2024\/10\/Social_Media_Kritik_WP_2024_10-1024x1024.jpg\" alt=\"\" class=\"wp-image-4991\" srcset=\"https:\/\/fdp-porta.de\/FDP\/wp-content\/uploads\/2024\/10\/Social_Media_Kritik_WP_2024_10-1024x1024.jpg 1024w, https:\/\/fdp-porta.de\/FDP\/wp-content\/uploads\/2024\/10\/Social_Media_Kritik_WP_2024_10-300x300.jpg 300w, https:\/\/fdp-porta.de\/FDP\/wp-content\/uploads\/2024\/10\/Social_Media_Kritik_WP_2024_10-150x150.jpg 150w, https:\/\/fdp-porta.de\/FDP\/wp-content\/uploads\/2024\/10\/Social_Media_Kritik_WP_2024_10-768x768.jpg 768w, https:\/\/fdp-porta.de\/FDP\/wp-content\/uploads\/2024\/10\/Social_Media_Kritik_WP_2024_10.jpg 1080w\" sizes=\"auto, (max-width: 1024px) 100vw, 1024px\" \/><\/a><\/figure>\n<\/div>","protected":false},"excerpt":{"rendered":"<p>Ver\u00e4rgerung und Unverst\u00e4ndnis bei CDU, SPD, Gr\u00fcnen und FDP Die Fraktionsvorsitzenden Kurt Baberske (CDU), Dirk Rahnenf\u00fchrer (SPD), Marc Weber (B\u00fcndnis 90\/Die Gr\u00fcnen), Cornelia M\u00fcller-Dieker (FDP), sind sich einig, dass an vielen Stellen der Rotstift angesetzt werden muss.Daf\u00fcr haben alle Fraktionen in K\u00fcrze ihre Haushaltsklausuren. Die Verwaltung hat hierf\u00fcr eine Liste der freiwilligen Leistungen erstellt und [&hellip;]<\/p>\n","protected":false},"author":5,"featured_media":0,"comment_status":"closed","ping_status":"closed","sticky":false,"template":"","format":"standard","meta":{"footnotes":""},"categories":[1,13,17],"tags":[],"class_list":["post-4990","post","type-post","status-publish","format-standard","hentry","category-allgemein","category-fdp-porta-westfalica-aktuell","category-pressemitteilungen"],"featured_image_src":null,"author_info":{"display_name":"Thomas Sch\u00fcrstedt","author_link":"https:\/\/fdp-porta.de\/FDP\/author\/tscynux-de\/"},"_links":{"self":[{"href":"https:\/\/fdp-porta.de\/FDP\/wp-json\/wp\/v2\/posts\/4990","targetHints":{"allow":["GET"]}}],"collection":[{"href":"https:\/\/fdp-porta.de\/FDP\/wp-json\/wp\/v2\/posts"}],"about":[{"href":"https:\/\/fdp-porta.de\/FDP\/wp-json\/wp\/v2\/types\/post"}],"author":[{"embeddable":true,"href":"https:\/\/fdp-porta.de\/FDP\/wp-json\/wp\/v2\/users\/5"}],"replies":[{"embeddable":true,"href":"https:\/\/fdp-porta.de\/FDP\/wp-json\/wp\/v2\/comments?post=4990"}],"version-history":[{"count":1,"href":"https:\/\/fdp-porta.de\/FDP\/wp-json\/wp\/v2\/posts\/4990\/revisions"}],"predecessor-version":[{"id":4992,"href":"https:\/\/fdp-porta.de\/FDP\/wp-json\/wp\/v2\/posts\/4990\/revisions\/4992"}],"wp:attachment":[{"href":"https:\/\/fdp-porta.de\/FDP\/wp-json\/wp\/v2\/media?parent=4990"}],"wp:term":[{"taxonomy":"category","embeddable":true,"href":"https:\/\/fdp-porta.de\/FDP\/wp-json\/wp\/v2\/categories?post=4990"},{"taxonomy":"post_tag","embeddable":true,"href":"https:\/\/fdp-porta.de\/FDP\/wp-json\/wp\/v2\/tags?post=4990"}],"curies":[{"name":"wp","href":"https:\/\/api.w.org\/{rel}","templated":true}]}}