{"id":4986,"date":"2024-10-04T17:33:48","date_gmt":"2024-10-04T15:33:48","guid":{"rendered":"https:\/\/fdp-porta.de\/FDP\/?p=4986"},"modified":"2024-10-04T17:34:07","modified_gmt":"2024-10-04T15:34:07","slug":"einweihung-der-kita-am-jakobsberg","status":"publish","type":"post","link":"https:\/\/fdp-porta.de\/FDP\/einweihung-der-kita-am-jakobsberg\/","title":{"rendered":"Einweihung der KiTa &#8222;Am Jakobsberg&#8220;"},"content":{"rendered":"\n<p>Am 2. Oktober 2024 wurde die neue KiTa &#8222;Am Jakobsberg&#8220; in einer offiziellen Er\u00f6ffnungsfeier eingeweiht.<\/p>\n\n\n\n<p>F\u00fcr die FDP Porta nahmen Fraktionsvorsitzende Cornelia M\u00fcller-Dieker und das Fraktionsmitglied Marc Kornhardt teil.<\/p>\n\n\n\n<p>Die FDP Fraktion Porta hat sich immer und wird sich auch zuk\u00fcnftig weiterhin f\u00fcr eine ideologiefreie und pluralistische Betreuungs- und Bildungslandschaft in Porta Westfalica einsetzen.<\/p>\n\n\n\n<p>Die Wiederbelebung des ehemaligen Berghotel Areals ist nicht nur im Bezug auf die Vorteile f\u00fcr die Sicherung der Kinderbetreuung wertvoll, sondern auch f\u00fcr das Stadtbild insgesamt.<\/p>\n\n\n\n<p>Die FDP Fraktion Porta w\u00fcnscht allen Beteiligten der Initiative am Jakobsberg auch weiterhin gutes Gelingen bei den laufenden und noch geplanten Projekten.<\/p>\n\n\n<div class=\"wp-block-image\">\n<figure class=\"aligncenter size-large\"><a href=\"https:\/\/fdp-porta.de\/FDP\/wp-content\/uploads\/2024\/10\/Eroeffung_Kita_2024102.jpg\"><img loading=\"lazy\" decoding=\"async\" width=\"1024\" height=\"1024\" src=\"https:\/\/fdp-porta.de\/FDP\/wp-content\/uploads\/2024\/10\/Eroeffung_Kita_2024102-1024x1024.jpg\" alt=\"\" class=\"wp-image-4987\" srcset=\"https:\/\/fdp-porta.de\/FDP\/wp-content\/uploads\/2024\/10\/Eroeffung_Kita_2024102-1024x1024.jpg 1024w, https:\/\/fdp-porta.de\/FDP\/wp-content\/uploads\/2024\/10\/Eroeffung_Kita_2024102-300x300.jpg 300w, https:\/\/fdp-porta.de\/FDP\/wp-content\/uploads\/2024\/10\/Eroeffung_Kita_2024102-150x150.jpg 150w, https:\/\/fdp-porta.de\/FDP\/wp-content\/uploads\/2024\/10\/Eroeffung_Kita_2024102-768x768.jpg 768w, https:\/\/fdp-porta.de\/FDP\/wp-content\/uploads\/2024\/10\/Eroeffung_Kita_2024102.jpg 1080w\" sizes=\"auto, (max-width: 1024px) 100vw, 1024px\" \/><\/a><\/figure>\n<\/div>","protected":false},"excerpt":{"rendered":"<p>Am 2. Oktober 2024 wurde die neue KiTa &#8222;Am Jakobsberg&#8220; in einer offiziellen Er\u00f6ffnungsfeier eingeweiht. F\u00fcr die FDP Porta nahmen Fraktionsvorsitzende Cornelia M\u00fcller-Dieker und das Fraktionsmitglied Marc Kornhardt teil. Die FDP Fraktion Porta hat sich immer und wird sich auch zuk\u00fcnftig weiterhin f\u00fcr eine ideologiefreie und pluralistische Betreuungs- und Bildungslandschaft in Porta Westfalica einsetzen. Die [&hellip;]<\/p>\n","protected":false},"author":5,"featured_media":0,"comment_status":"closed","ping_status":"closed","sticky":false,"template":"","format":"standard","meta":{"footnotes":""},"categories":[1,13,17],"tags":[],"class_list":["post-4986","post","type-post","status-publish","format-standard","hentry","category-allgemein","category-fdp-porta-westfalica-aktuell","category-pressemitteilungen"],"featured_image_src":null,"author_info":{"display_name":"Thomas Sch\u00fcrstedt","author_link":"https:\/\/fdp-porta.de\/FDP\/author\/tscynux-de\/"},"_links":{"self":[{"href":"https:\/\/fdp-porta.de\/FDP\/wp-json\/wp\/v2\/posts\/4986","targetHints":{"allow":["GET"]}}],"collection":[{"href":"https:\/\/fdp-porta.de\/FDP\/wp-json\/wp\/v2\/posts"}],"about":[{"href":"https:\/\/fdp-porta.de\/FDP\/wp-json\/wp\/v2\/types\/post"}],"author":[{"embeddable":true,"href":"https:\/\/fdp-porta.de\/FDP\/wp-json\/wp\/v2\/users\/5"}],"replies":[{"embeddable":true,"href":"https:\/\/fdp-porta.de\/FDP\/wp-json\/wp\/v2\/comments?post=4986"}],"version-history":[{"count":1,"href":"https:\/\/fdp-porta.de\/FDP\/wp-json\/wp\/v2\/posts\/4986\/revisions"}],"predecessor-version":[{"id":4988,"href":"https:\/\/fdp-porta.de\/FDP\/wp-json\/wp\/v2\/posts\/4986\/revisions\/4988"}],"wp:attachment":[{"href":"https:\/\/fdp-porta.de\/FDP\/wp-json\/wp\/v2\/media?parent=4986"}],"wp:term":[{"taxonomy":"category","embeddable":true,"href":"https:\/\/fdp-porta.de\/FDP\/wp-json\/wp\/v2\/categories?post=4986"},{"taxonomy":"post_tag","embeddable":true,"href":"https:\/\/fdp-porta.de\/FDP\/wp-json\/wp\/v2\/tags?post=4986"}],"curies":[{"name":"wp","href":"https:\/\/api.w.org\/{rel}","templated":true}]}}