{"id":4964,"date":"2024-09-09T08:49:16","date_gmt":"2024-09-09T06:49:16","guid":{"rendered":"https:\/\/fdp-porta.de\/FDP\/?p=4964"},"modified":"2024-09-09T08:49:44","modified_gmt":"2024-09-09T06:49:44","slug":"vlk-regionalkonferenz-im-denkwerk-herford","status":"publish","type":"post","link":"https:\/\/fdp-porta.de\/FDP\/vlk-regionalkonferenz-im-denkwerk-herford\/","title":{"rendered":"VLK Regionalkonferenz im Denkwerk Herford"},"content":{"rendered":"<div class=\"wp-block-image\">\n<figure class=\"aligncenter size-large is-resized\"><a href=\"https:\/\/fdp-porta.de\/FDP\/wp-content\/uploads\/2024\/09\/VLK_Regionalkonferenz_20240907.jpg\"><img loading=\"lazy\" decoding=\"async\" width=\"1024\" height=\"1024\" src=\"https:\/\/fdp-porta.de\/FDP\/wp-content\/uploads\/2024\/09\/VLK_Regionalkonferenz_20240907-1024x1024.jpg\" alt=\"\" class=\"wp-image-4965\" style=\"width:842px;height:auto\" srcset=\"https:\/\/fdp-porta.de\/FDP\/wp-content\/uploads\/2024\/09\/VLK_Regionalkonferenz_20240907-1024x1024.jpg 1024w, https:\/\/fdp-porta.de\/FDP\/wp-content\/uploads\/2024\/09\/VLK_Regionalkonferenz_20240907-300x300.jpg 300w, https:\/\/fdp-porta.de\/FDP\/wp-content\/uploads\/2024\/09\/VLK_Regionalkonferenz_20240907-150x150.jpg 150w, https:\/\/fdp-porta.de\/FDP\/wp-content\/uploads\/2024\/09\/VLK_Regionalkonferenz_20240907-768x768.jpg 768w, https:\/\/fdp-porta.de\/FDP\/wp-content\/uploads\/2024\/09\/VLK_Regionalkonferenz_20240907.jpg 1080w\" sizes=\"auto, (max-width: 1024px) 100vw, 1024px\" \/><\/a><figcaption class=\"wp-element-caption\">v.l.n.r.: Cornelia M\u00fcller-Dieker (Fraktionsvorsitzende FDP Porta, Ratsmitglied), Marc Kornhardt (sachkundiger B\u00fcrger), Susanne Engelking (sachkundige B\u00fcrgerin)<\/figcaption><\/figure>\n<\/div>\n\n\n<p>Mitglieder der FDP Ratsfraktion Porta haben am Samstag an der VLK Regionalkonferenz im Denkwerk in Herford teilgenommen.<\/p>\n\n\n\n<p>Die VLK NRW ist der \u00fcberregionale Zusammenschluss der liberalen Kommunalpolitiker.<\/p>\n\n\n\n<p>Es wurden Impulsvortr\u00e4ge zu aktuellen Themen, wie u.a. der Grundsteuerreform, dem Regionalplan Detmold und der wichtigsten einzuhaltenden Formalien der Kommunal- und Bundestagswahlen im n\u00e4chsten Jahr, gehalten.<\/p>\n\n\n\n<p>Wir danken der VLK und den Rednern, dem Vorsitzenden der FDP\/FW Fraktion im Regionalrat Detmold Jan Maik Schlifter, dem VLK Bundes- und NRW Landesvorsitzenden Kai Abruszat und dem heimischen FDP Bundestagsabgeordneten Frank Sch\u00e4ffler.<\/p>\n\n\n\n<p>Die gewonnenen Erkenntnisse werden nun von den Teilnehmern als Multiplikator an die weiteren Fraktionsmitglieder weitergegeben, sowie in die t\u00e4gliche Fraktionsarbeit f\u00fcr unser Porta Westfalica und die B\u00fcrger vor Ort, einflie\u00dfen gelassen &#x1f5fd;<\/p>\n","protected":false},"excerpt":{"rendered":"<p>Mitglieder der FDP Ratsfraktion Porta haben am Samstag an der VLK Regionalkonferenz im Denkwerk in Herford teilgenommen. Die VLK NRW ist der \u00fcberregionale Zusammenschluss der liberalen Kommunalpolitiker. Es wurden Impulsvortr\u00e4ge zu aktuellen Themen, wie u.a. der Grundsteuerreform, dem Regionalplan Detmold und der wichtigsten einzuhaltenden Formalien der Kommunal- und Bundestagswahlen im n\u00e4chsten Jahr, gehalten. Wir danken [&hellip;]<\/p>\n","protected":false},"author":5,"featured_media":0,"comment_status":"closed","ping_status":"closed","sticky":false,"template":"","format":"standard","meta":{"footnotes":""},"categories":[1,13,17],"tags":[],"class_list":["post-4964","post","type-post","status-publish","format-standard","hentry","category-allgemein","category-fdp-porta-westfalica-aktuell","category-pressemitteilungen"],"featured_image_src":null,"author_info":{"display_name":"Thomas Sch\u00fcrstedt","author_link":"https:\/\/fdp-porta.de\/FDP\/author\/tscynux-de\/"},"_links":{"self":[{"href":"https:\/\/fdp-porta.de\/FDP\/wp-json\/wp\/v2\/posts\/4964","targetHints":{"allow":["GET"]}}],"collection":[{"href":"https:\/\/fdp-porta.de\/FDP\/wp-json\/wp\/v2\/posts"}],"about":[{"href":"https:\/\/fdp-porta.de\/FDP\/wp-json\/wp\/v2\/types\/post"}],"author":[{"embeddable":true,"href":"https:\/\/fdp-porta.de\/FDP\/wp-json\/wp\/v2\/users\/5"}],"replies":[{"embeddable":true,"href":"https:\/\/fdp-porta.de\/FDP\/wp-json\/wp\/v2\/comments?post=4964"}],"version-history":[{"count":1,"href":"https:\/\/fdp-porta.de\/FDP\/wp-json\/wp\/v2\/posts\/4964\/revisions"}],"predecessor-version":[{"id":4966,"href":"https:\/\/fdp-porta.de\/FDP\/wp-json\/wp\/v2\/posts\/4964\/revisions\/4966"}],"wp:attachment":[{"href":"https:\/\/fdp-porta.de\/FDP\/wp-json\/wp\/v2\/media?parent=4964"}],"wp:term":[{"taxonomy":"category","embeddable":true,"href":"https:\/\/fdp-porta.de\/FDP\/wp-json\/wp\/v2\/categories?post=4964"},{"taxonomy":"post_tag","embeddable":true,"href":"https:\/\/fdp-porta.de\/FDP\/wp-json\/wp\/v2\/tags?post=4964"}],"curies":[{"name":"wp","href":"https:\/\/api.w.org\/{rel}","templated":true}]}}