{"id":4942,"date":"2024-06-11T08:49:06","date_gmt":"2024-06-11T06:49:06","guid":{"rendered":"https:\/\/fdp-porta.de\/FDP\/?p=4942"},"modified":"2024-06-11T08:49:38","modified_gmt":"2024-06-11T06:49:38","slug":"dank-an-alle-waehlerinnen-und-waehler-zur-europawahl-2024","status":"publish","type":"post","link":"https:\/\/fdp-porta.de\/FDP\/dank-an-alle-waehlerinnen-und-waehler-zur-europawahl-2024\/","title":{"rendered":"Dank an alle W\u00e4hlerinnen und W\u00e4hler zur Europawahl 2024"},"content":{"rendered":"<div class=\"wp-block-image\">\n<figure class=\"aligncenter size-full\"><a href=\"https:\/\/fdp-porta.de\/FDP\/wp-content\/uploads\/2024\/06\/Europawahl_Porta_Ergebnis_2024.jpg\"><img loading=\"lazy\" decoding=\"async\" width=\"669\" height=\"666\" src=\"https:\/\/fdp-porta.de\/FDP\/wp-content\/uploads\/2024\/06\/Europawahl_Porta_Ergebnis_2024.jpg\" alt=\"\" class=\"wp-image-4943\" srcset=\"https:\/\/fdp-porta.de\/FDP\/wp-content\/uploads\/2024\/06\/Europawahl_Porta_Ergebnis_2024.jpg 669w, https:\/\/fdp-porta.de\/FDP\/wp-content\/uploads\/2024\/06\/Europawahl_Porta_Ergebnis_2024-300x300.jpg 300w, https:\/\/fdp-porta.de\/FDP\/wp-content\/uploads\/2024\/06\/Europawahl_Porta_Ergebnis_2024-150x150.jpg 150w\" sizes=\"auto, (max-width: 669px) 100vw, 669px\" \/><\/a><\/figure>\n<\/div>\n\n\n<p>Wir danken allen W\u00e4hlerrinnen und W\u00e4hlern f\u00fcr die Unterst\u00fctzung in und f\u00fcr Europa &#x1f44d;<br>Dieses Ergebnis ist eine solide Basis und ein klarer Auftrag f\u00fcr die Kommunalwahl 2025 &#x1f5fd;<br>Ihr Team FDP Porta &#x1f49b;<\/p>\n","protected":false},"excerpt":{"rendered":"<p>Wir danken allen W\u00e4hlerrinnen und W\u00e4hlern f\u00fcr die Unterst\u00fctzung in und f\u00fcr Europa &#x1f44d;Dieses Ergebnis ist eine solide Basis und ein klarer Auftrag f\u00fcr die Kommunalwahl 2025 &#x1f5fd;Ihr Team FDP Porta &#x1f49b;<\/p>\n","protected":false},"author":5,"featured_media":0,"comment_status":"closed","ping_status":"closed","sticky":false,"template":"","format":"standard","meta":{"footnotes":""},"categories":[1,13,17],"tags":[],"class_list":["post-4942","post","type-post","status-publish","format-standard","hentry","category-allgemein","category-fdp-porta-westfalica-aktuell","category-pressemitteilungen"],"featured_image_src":null,"author_info":{"display_name":"Thomas Sch\u00fcrstedt","author_link":"https:\/\/fdp-porta.de\/FDP\/author\/tscynux-de\/"},"_links":{"self":[{"href":"https:\/\/fdp-porta.de\/FDP\/wp-json\/wp\/v2\/posts\/4942","targetHints":{"allow":["GET"]}}],"collection":[{"href":"https:\/\/fdp-porta.de\/FDP\/wp-json\/wp\/v2\/posts"}],"about":[{"href":"https:\/\/fdp-porta.de\/FDP\/wp-json\/wp\/v2\/types\/post"}],"author":[{"embeddable":true,"href":"https:\/\/fdp-porta.de\/FDP\/wp-json\/wp\/v2\/users\/5"}],"replies":[{"embeddable":true,"href":"https:\/\/fdp-porta.de\/FDP\/wp-json\/wp\/v2\/comments?post=4942"}],"version-history":[{"count":1,"href":"https:\/\/fdp-porta.de\/FDP\/wp-json\/wp\/v2\/posts\/4942\/revisions"}],"predecessor-version":[{"id":4944,"href":"https:\/\/fdp-porta.de\/FDP\/wp-json\/wp\/v2\/posts\/4942\/revisions\/4944"}],"wp:attachment":[{"href":"https:\/\/fdp-porta.de\/FDP\/wp-json\/wp\/v2\/media?parent=4942"}],"wp:term":[{"taxonomy":"category","embeddable":true,"href":"https:\/\/fdp-porta.de\/FDP\/wp-json\/wp\/v2\/categories?post=4942"},{"taxonomy":"post_tag","embeddable":true,"href":"https:\/\/fdp-porta.de\/FDP\/wp-json\/wp\/v2\/tags?post=4942"}],"curies":[{"name":"wp","href":"https:\/\/api.w.org\/{rel}","templated":true}]}}