{"id":4911,"date":"2024-05-10T06:53:12","date_gmt":"2024-05-10T04:53:12","guid":{"rendered":"https:\/\/fdp-porta.de\/FDP\/?p=4911"},"modified":"2024-05-10T06:54:05","modified_gmt":"2024-05-10T04:54:05","slug":"offizielle-eroeffnung-des-spielplatzes-am-19-april","status":"publish","type":"post","link":"https:\/\/fdp-porta.de\/FDP\/offizielle-eroeffnung-des-spielplatzes-am-19-april\/","title":{"rendered":"Offizielle Er\u00f6ffnung des Spielplatzes am 19. April"},"content":{"rendered":"\n<figure class=\"wp-block-gallery has-nested-images columns-default is-cropped wp-block-gallery-1 is-layout-flex wp-block-gallery-is-layout-flex\">\n<figure class=\"wp-block-image size-large\"><a href=\"https:\/\/fdp-porta.de\/FDP\/wp-content\/uploads\/2024\/05\/Buergerpark_Collage_2.jpg\"><img loading=\"lazy\" decoding=\"async\" width=\"1024\" height=\"1024\" data-id=\"4913\" src=\"https:\/\/fdp-porta.de\/FDP\/wp-content\/uploads\/2024\/05\/Buergerpark_Collage_2-1024x1024.jpg\" alt=\"\" class=\"wp-image-4913\" srcset=\"https:\/\/fdp-porta.de\/FDP\/wp-content\/uploads\/2024\/05\/Buergerpark_Collage_2-1024x1024.jpg 1024w, https:\/\/fdp-porta.de\/FDP\/wp-content\/uploads\/2024\/05\/Buergerpark_Collage_2-300x300.jpg 300w, https:\/\/fdp-porta.de\/FDP\/wp-content\/uploads\/2024\/05\/Buergerpark_Collage_2-150x150.jpg 150w, https:\/\/fdp-porta.de\/FDP\/wp-content\/uploads\/2024\/05\/Buergerpark_Collage_2-768x768.jpg 768w, https:\/\/fdp-porta.de\/FDP\/wp-content\/uploads\/2024\/05\/Buergerpark_Collage_2.jpg 1080w\" sizes=\"auto, (max-width: 1024px) 100vw, 1024px\" \/><\/a><\/figure>\n\n\n\n<figure class=\"wp-block-image size-large\"><a href=\"https:\/\/fdp-porta.de\/FDP\/wp-content\/uploads\/2024\/05\/Buergerpark_Collage.jpg\"><img loading=\"lazy\" decoding=\"async\" width=\"1024\" height=\"1024\" data-id=\"4912\" src=\"https:\/\/fdp-porta.de\/FDP\/wp-content\/uploads\/2024\/05\/Buergerpark_Collage-1024x1024.jpg\" alt=\"\" class=\"wp-image-4912\" srcset=\"https:\/\/fdp-porta.de\/FDP\/wp-content\/uploads\/2024\/05\/Buergerpark_Collage-1024x1024.jpg 1024w, https:\/\/fdp-porta.de\/FDP\/wp-content\/uploads\/2024\/05\/Buergerpark_Collage-300x300.jpg 300w, https:\/\/fdp-porta.de\/FDP\/wp-content\/uploads\/2024\/05\/Buergerpark_Collage-150x150.jpg 150w, https:\/\/fdp-porta.de\/FDP\/wp-content\/uploads\/2024\/05\/Buergerpark_Collage-768x768.jpg 768w, https:\/\/fdp-porta.de\/FDP\/wp-content\/uploads\/2024\/05\/Buergerpark_Collage.jpg 1080w\" sizes=\"auto, (max-width: 1024px) 100vw, 1024px\" \/><\/a><\/figure>\n<\/figure>\n\n\n\n<p>\u201eWas lange w\u00e4hrt, wird endlich gut\u201c, wie es B\u00fcrgermeisterin Anke Grotjohann oder auch \u201egut Ding will Weile haben\u201c sind in diesem Fall wohl treffende Umschreibungen.<\/p>\n\n\n\n<p>Vor nicht ganz 6 Jahren hat die FDP Fraktion im Rat der Stadt Porta, damals noch unter B\u00fcrgermeister Bernd Hedtmann, die Aufwertung des B\u00fcrgerparks, insbesondere die Teichfl\u00e4chen und den Spielplatz, gefordert.<\/p>\n\n\n\n<p>Mit der offiziellen Er\u00f6ffnung des Spielplatzes am 19. April diesen Jahres, wurde dieser Forderung nun endlich Rechnung getragen. Wie wir finden zwar von der Umsetzungsgeschwindigkeit her kein Paradebeispiel, aber vom Umsetzungsergebnis her, wirklich als sehr gut zu bewerten &#x1f44d;<\/p>\n\n\n\n<p>Hier der 2018 gestellte Antrag zur Verwendung der Luftkurortpauschale zur Renovierung des B\u00fcrgerparks. <a href=\"https:\/\/fdp-porta.de\/FDP\/wp-content\/uploads\/2024\/05\/FDP_Antrag_Luftkurortpauschale_20181104.pdf\" target=\"_blank\" rel=\"noreferrer noopener\">Auch zum direkten Download&#8230;<\/a><\/p>\n\n\n<a href=\"https:\/\/fdp-porta.de\/FDP\/wp-content\/uploads\/2024\/05\/FDP_Antrag_Luftkurortpauschale_20181104.pdf\" class=\"pdfemb-viewer\" style=\"\" data-width=\"max\" data-height=\"max\" data-toolbar=\"both\" data-toolbar-fixed=\"on\">FDP_Antrag_Luftkurortpauschale_20181104<\/a>","protected":false},"excerpt":{"rendered":"<p>\u201eWas lange w\u00e4hrt, wird endlich gut\u201c, wie es B\u00fcrgermeisterin Anke Grotjohann oder auch \u201egut Ding will Weile haben\u201c sind in diesem Fall wohl treffende Umschreibungen. Vor nicht ganz 6 Jahren hat die FDP Fraktion im Rat der Stadt Porta, damals noch unter B\u00fcrgermeister Bernd Hedtmann, die Aufwertung des B\u00fcrgerparks, insbesondere die Teichfl\u00e4chen und den Spielplatz, [&hellip;]<\/p>\n","protected":false},"author":5,"featured_media":0,"comment_status":"closed","ping_status":"closed","sticky":false,"template":"","format":"standard","meta":{"footnotes":""},"categories":[1,18,13,17],"tags":[],"class_list":["post-4911","post","type-post","status-publish","format-standard","hentry","category-allgemein","category-antraege","category-fdp-porta-westfalica-aktuell","category-pressemitteilungen"],"featured_image_src":null,"author_info":{"display_name":"Thomas Sch\u00fcrstedt","author_link":"https:\/\/fdp-porta.de\/FDP\/author\/tscynux-de\/"},"_links":{"self":[{"href":"https:\/\/fdp-porta.de\/FDP\/wp-json\/wp\/v2\/posts\/4911","targetHints":{"allow":["GET"]}}],"collection":[{"href":"https:\/\/fdp-porta.de\/FDP\/wp-json\/wp\/v2\/posts"}],"about":[{"href":"https:\/\/fdp-porta.de\/FDP\/wp-json\/wp\/v2\/types\/post"}],"author":[{"embeddable":true,"href":"https:\/\/fdp-porta.de\/FDP\/wp-json\/wp\/v2\/users\/5"}],"replies":[{"embeddable":true,"href":"https:\/\/fdp-porta.de\/FDP\/wp-json\/wp\/v2\/comments?post=4911"}],"version-history":[{"count":1,"href":"https:\/\/fdp-porta.de\/FDP\/wp-json\/wp\/v2\/posts\/4911\/revisions"}],"predecessor-version":[{"id":4915,"href":"https:\/\/fdp-porta.de\/FDP\/wp-json\/wp\/v2\/posts\/4911\/revisions\/4915"}],"wp:attachment":[{"href":"https:\/\/fdp-porta.de\/FDP\/wp-json\/wp\/v2\/media?parent=4911"}],"wp:term":[{"taxonomy":"category","embeddable":true,"href":"https:\/\/fdp-porta.de\/FDP\/wp-json\/wp\/v2\/categories?post=4911"},{"taxonomy":"post_tag","embeddable":true,"href":"https:\/\/fdp-porta.de\/FDP\/wp-json\/wp\/v2\/tags?post=4911"}],"curies":[{"name":"wp","href":"https:\/\/api.w.org\/{rel}","templated":true}]}}