{"id":4894,"date":"2024-03-29T07:09:59","date_gmt":"2024-03-29T06:09:59","guid":{"rendered":"https:\/\/fdp-porta.de\/FDP\/?p=4894"},"modified":"2024-03-29T07:11:32","modified_gmt":"2024-03-29T06:11:32","slug":"pressemeldung-zum-ordentlichen-ortsparteitag-6-maerz-2024","status":"publish","type":"post","link":"https:\/\/fdp-porta.de\/FDP\/pressemeldung-zum-ordentlichen-ortsparteitag-6-maerz-2024\/","title":{"rendered":"Pressemeldung zum ordentlichen Ortsparteitag 6. M\u00e4rz 2024"},"content":{"rendered":"<a href=\"https:\/\/fdp-porta.de\/FDP\/wp-content\/uploads\/2024\/03\/FDP-Porta-Pressemeldung-zum-ordentlichen-Ortsparteitag-6.-Maerz-2024.pdf\" class=\"pdfemb-viewer\" style=\"\" data-width=\"max\" data-height=\"max\" data-toolbar=\"both\" data-toolbar-fixed=\"on\">FDP-Porta-Pressemeldung-zum-ordentlichen-Ortsparteitag-6.-Maerz-2024<\/a>\n\n\n<p><\/p>\n\n\n\n<p>Die Pressemeldung k\u00f6nnen Sie <a href=\"https:\/\/fdp-porta.de\/FDP\/wp-content\/uploads\/2024\/03\/FDP-Porta-Pressemeldung-zum-ordentlichen-Ortsparteitag-6.-Maerz-2024.pdf\" data-type=\"link\" data-id=\"https:\/\/fdp-porta.de\/FDP\/wp-content\/uploads\/2024\/03\/FDP-Porta-Pressemeldung-zum-ordentlichen-Ortsparteitag-6.-Maerz-2024.pdf\" target=\"_blank\" rel=\"noreferrer noopener\">hier auch als PDF herunterladen&#8230;<\/a><\/p>\n\n\n<div class=\"wp-block-image\">\n<figure class=\"aligncenter size-large\"><a href=\"https:\/\/fdp-porta.de\/FDP\/wp-content\/uploads\/2024\/03\/FDP-Porta-Vorstand-2024.jpg\"><img loading=\"lazy\" decoding=\"async\" width=\"1024\" height=\"1024\" src=\"https:\/\/fdp-porta.de\/FDP\/wp-content\/uploads\/2024\/03\/FDP-Porta-Vorstand-2024-1024x1024.jpg\" alt=\"\" class=\"wp-image-4895\" srcset=\"https:\/\/fdp-porta.de\/FDP\/wp-content\/uploads\/2024\/03\/FDP-Porta-Vorstand-2024-1024x1024.jpg 1024w, https:\/\/fdp-porta.de\/FDP\/wp-content\/uploads\/2024\/03\/FDP-Porta-Vorstand-2024-300x300.jpg 300w, https:\/\/fdp-porta.de\/FDP\/wp-content\/uploads\/2024\/03\/FDP-Porta-Vorstand-2024-150x150.jpg 150w, https:\/\/fdp-porta.de\/FDP\/wp-content\/uploads\/2024\/03\/FDP-Porta-Vorstand-2024-768x768.jpg 768w, https:\/\/fdp-porta.de\/FDP\/wp-content\/uploads\/2024\/03\/FDP-Porta-Vorstand-2024.jpg 1080w\" sizes=\"auto, (max-width: 1024px) 100vw, 1024px\" \/><\/a><figcaption class=\"wp-element-caption\">Der auf dem Ortsparteitag 2024 gew\u00e4hlte Vorstand. Von links: Versammlungsleiter Frank Sch\u00e4ffler MdB, 2. stellv. Vorsitzender Ralf Zuther, Schriftf\u00fchrer Marc Kornhardt, Schatzmeister Oliver Liedtke, stellv. Schriftf\u00fchrerin Sarah Hohmeier-Bierwirth, Fraktionsvorsitzende Cornelia M\u00fcller-Dieker, Vorsitzender Rolf Tebbe sowie 1. stellv. Vorsitzender Laurent Gauthier<\/figcaption><\/figure>\n<\/div>","protected":false},"excerpt":{"rendered":"<p>Die Pressemeldung k\u00f6nnen Sie hier auch als PDF herunterladen&#8230;<\/p>\n","protected":false},"author":5,"featured_media":0,"comment_status":"closed","ping_status":"closed","sticky":false,"template":"","format":"standard","meta":{"footnotes":""},"categories":[1,13,17],"tags":[],"class_list":["post-4894","post","type-post","status-publish","format-standard","hentry","category-allgemein","category-fdp-porta-westfalica-aktuell","category-pressemitteilungen"],"featured_image_src":null,"author_info":{"display_name":"Thomas Sch\u00fcrstedt","author_link":"https:\/\/fdp-porta.de\/FDP\/author\/tscynux-de\/"},"_links":{"self":[{"href":"https:\/\/fdp-porta.de\/FDP\/wp-json\/wp\/v2\/posts\/4894","targetHints":{"allow":["GET"]}}],"collection":[{"href":"https:\/\/fdp-porta.de\/FDP\/wp-json\/wp\/v2\/posts"}],"about":[{"href":"https:\/\/fdp-porta.de\/FDP\/wp-json\/wp\/v2\/types\/post"}],"author":[{"embeddable":true,"href":"https:\/\/fdp-porta.de\/FDP\/wp-json\/wp\/v2\/users\/5"}],"replies":[{"embeddable":true,"href":"https:\/\/fdp-porta.de\/FDP\/wp-json\/wp\/v2\/comments?post=4894"}],"version-history":[{"count":2,"href":"https:\/\/fdp-porta.de\/FDP\/wp-json\/wp\/v2\/posts\/4894\/revisions"}],"predecessor-version":[{"id":4898,"href":"https:\/\/fdp-porta.de\/FDP\/wp-json\/wp\/v2\/posts\/4894\/revisions\/4898"}],"wp:attachment":[{"href":"https:\/\/fdp-porta.de\/FDP\/wp-json\/wp\/v2\/media?parent=4894"}],"wp:term":[{"taxonomy":"category","embeddable":true,"href":"https:\/\/fdp-porta.de\/FDP\/wp-json\/wp\/v2\/categories?post=4894"},{"taxonomy":"post_tag","embeddable":true,"href":"https:\/\/fdp-porta.de\/FDP\/wp-json\/wp\/v2\/tags?post=4894"}],"curies":[{"name":"wp","href":"https:\/\/api.w.org\/{rel}","templated":true}]}}