{"id":4889,"date":"2024-03-25T07:06:25","date_gmt":"2024-03-25T06:06:25","guid":{"rendered":"https:\/\/fdp-porta.de\/FDP\/?p=4889"},"modified":"2024-03-25T07:07:03","modified_gmt":"2024-03-25T06:07:03","slug":"mangelnde-empathie-laesst-fdp-ratsfraktion-fassungslos-zurueck","status":"publish","type":"post","link":"https:\/\/fdp-porta.de\/FDP\/mangelnde-empathie-laesst-fdp-ratsfraktion-fassungslos-zurueck\/","title":{"rendered":"Mangelnde Empathie l\u00e4sst FDP Ratsfraktion fassungslos zur\u00fcck"},"content":{"rendered":"<div class=\"wp-block-image\">\n<figure class=\"aligncenter size-large\"><a href=\"https:\/\/fdp-porta.de\/FDP\/wp-content\/uploads\/2024\/03\/Realschule_Mehrklasse.jpg\"><img loading=\"lazy\" decoding=\"async\" width=\"1024\" height=\"1024\" src=\"https:\/\/fdp-porta.de\/FDP\/wp-content\/uploads\/2024\/03\/Realschule_Mehrklasse-1024x1024.jpg\" alt=\"\" class=\"wp-image-4890\" srcset=\"https:\/\/fdp-porta.de\/FDP\/wp-content\/uploads\/2024\/03\/Realschule_Mehrklasse-1024x1024.jpg 1024w, https:\/\/fdp-porta.de\/FDP\/wp-content\/uploads\/2024\/03\/Realschule_Mehrklasse-300x300.jpg 300w, https:\/\/fdp-porta.de\/FDP\/wp-content\/uploads\/2024\/03\/Realschule_Mehrklasse-150x150.jpg 150w, https:\/\/fdp-porta.de\/FDP\/wp-content\/uploads\/2024\/03\/Realschule_Mehrklasse-768x768.jpg 768w, https:\/\/fdp-porta.de\/FDP\/wp-content\/uploads\/2024\/03\/Realschule_Mehrklasse.jpg 1080w\" sizes=\"auto, (max-width: 1024px) 100vw, 1024px\" \/><\/a><\/figure>\n<\/div>\n\n\n<p>Sch\u00fcler und Eltern stehen pl\u00f6tzlich, kurz vor Beginn des neuen Schuljahrs ohne weiterf\u00fchrenden Schulplatz \u2013 an der Realschule Hausberge &#8211; da. Der HFA-Beschluss gegen die Bildung einer Mehrklasse zum Schuljahr 24\/25, wird von der FDP-Fraktion nicht getragen.<\/p>\n\n\n\n<p>Wir als Portaner Liberale haben f\u00fcr die Ausf\u00fchrung von Eltern- und Sch\u00fclerwille und entsprechend f\u00fcr die Bildung der Mehrklasse gestimmt. Wer allerdings dagegen gestimmt und dadurch ausgel\u00f6st hat, dass die Sch\u00fcler, welche einen Platz an der Realschule Hausberge bekommen, \u00fcber ein Losverfahren bestimmt werden, entzieht sich seiner politischen Verantwortung. Wir werden daher weiterhin eindringlich den Einstieg in eine ernsthafte und ideologiefreie Schulentwicklungsplanung einfordern!<\/p>\n\n\n<div class=\"wp-block-image\">\n<figure class=\"aligncenter size-large\"><a href=\"https:\/\/fdp-porta.de\/FDP\/wp-content\/uploads\/2024\/03\/FDP_Kachel-mit-Icon-240323164206.png\"><img loading=\"lazy\" decoding=\"async\" width=\"1024\" height=\"1024\" src=\"https:\/\/fdp-porta.de\/FDP\/wp-content\/uploads\/2024\/03\/FDP_Kachel-mit-Icon-240323164206-1024x1024.png\" alt=\"\" class=\"wp-image-4892\" srcset=\"https:\/\/fdp-porta.de\/FDP\/wp-content\/uploads\/2024\/03\/FDP_Kachel-mit-Icon-240323164206-1024x1024.png 1024w, https:\/\/fdp-porta.de\/FDP\/wp-content\/uploads\/2024\/03\/FDP_Kachel-mit-Icon-240323164206-300x300.png 300w, https:\/\/fdp-porta.de\/FDP\/wp-content\/uploads\/2024\/03\/FDP_Kachel-mit-Icon-240323164206-150x150.png 150w, https:\/\/fdp-porta.de\/FDP\/wp-content\/uploads\/2024\/03\/FDP_Kachel-mit-Icon-240323164206-768x768.png 768w, https:\/\/fdp-porta.de\/FDP\/wp-content\/uploads\/2024\/03\/FDP_Kachel-mit-Icon-240323164206.png 1080w\" sizes=\"auto, (max-width: 1024px) 100vw, 1024px\" \/><\/a><\/figure>\n<\/div>","protected":false},"excerpt":{"rendered":"<p>Sch\u00fcler und Eltern stehen pl\u00f6tzlich, kurz vor Beginn des neuen Schuljahrs ohne weiterf\u00fchrenden Schulplatz \u2013 an der Realschule Hausberge &#8211; da. Der HFA-Beschluss gegen die Bildung einer Mehrklasse zum Schuljahr 24\/25, wird von der FDP-Fraktion nicht getragen. Wir als Portaner Liberale haben f\u00fcr die Ausf\u00fchrung von Eltern- und Sch\u00fclerwille und entsprechend f\u00fcr die Bildung der [&hellip;]<\/p>\n","protected":false},"author":5,"featured_media":0,"comment_status":"closed","ping_status":"closed","sticky":false,"template":"","format":"standard","meta":{"footnotes":""},"categories":[1,13,17],"tags":[],"class_list":["post-4889","post","type-post","status-publish","format-standard","hentry","category-allgemein","category-fdp-porta-westfalica-aktuell","category-pressemitteilungen"],"featured_image_src":null,"author_info":{"display_name":"Thomas Sch\u00fcrstedt","author_link":"https:\/\/fdp-porta.de\/FDP\/author\/tscynux-de\/"},"_links":{"self":[{"href":"https:\/\/fdp-porta.de\/FDP\/wp-json\/wp\/v2\/posts\/4889","targetHints":{"allow":["GET"]}}],"collection":[{"href":"https:\/\/fdp-porta.de\/FDP\/wp-json\/wp\/v2\/posts"}],"about":[{"href":"https:\/\/fdp-porta.de\/FDP\/wp-json\/wp\/v2\/types\/post"}],"author":[{"embeddable":true,"href":"https:\/\/fdp-porta.de\/FDP\/wp-json\/wp\/v2\/users\/5"}],"replies":[{"embeddable":true,"href":"https:\/\/fdp-porta.de\/FDP\/wp-json\/wp\/v2\/comments?post=4889"}],"version-history":[{"count":1,"href":"https:\/\/fdp-porta.de\/FDP\/wp-json\/wp\/v2\/posts\/4889\/revisions"}],"predecessor-version":[{"id":4893,"href":"https:\/\/fdp-porta.de\/FDP\/wp-json\/wp\/v2\/posts\/4889\/revisions\/4893"}],"wp:attachment":[{"href":"https:\/\/fdp-porta.de\/FDP\/wp-json\/wp\/v2\/media?parent=4889"}],"wp:term":[{"taxonomy":"category","embeddable":true,"href":"https:\/\/fdp-porta.de\/FDP\/wp-json\/wp\/v2\/categories?post=4889"},{"taxonomy":"post_tag","embeddable":true,"href":"https:\/\/fdp-porta.de\/FDP\/wp-json\/wp\/v2\/tags?post=4889"}],"curies":[{"name":"wp","href":"https:\/\/api.w.org\/{rel}","templated":true}]}}