{"id":4841,"date":"2024-01-18T16:54:18","date_gmt":"2024-01-18T15:54:18","guid":{"rendered":"https:\/\/fdp-porta.de\/FDP\/?p=4841"},"modified":"2024-01-18T17:05:30","modified_gmt":"2024-01-18T16:05:30","slug":"antrag-silvester-lasershow-am-fernsehturm","status":"publish","type":"post","link":"https:\/\/fdp-porta.de\/FDP\/antrag-silvester-lasershow-am-fernsehturm\/","title":{"rendered":"Antrag: Silvester-Lasershow am Fernsehturm"},"content":{"rendered":"<div class=\"wp-block-image\">\n<figure class=\"aligncenter size-full is-resized\"><a href=\"https:\/\/fdp-porta.de\/FDP\/wp-content\/uploads\/2024\/01\/WhatsApp-Bild-2024-01-18-um-15.59.42_c8a431eb.jpg\"><img loading=\"lazy\" decoding=\"async\" width=\"977\" height=\"976\" src=\"https:\/\/fdp-porta.de\/FDP\/wp-content\/uploads\/2024\/01\/WhatsApp-Bild-2024-01-18-um-15.59.42_c8a431eb.jpg\" alt=\"\" class=\"wp-image-4842\" style=\"width:395px;height:auto\" srcset=\"https:\/\/fdp-porta.de\/FDP\/wp-content\/uploads\/2024\/01\/WhatsApp-Bild-2024-01-18-um-15.59.42_c8a431eb.jpg 977w, https:\/\/fdp-porta.de\/FDP\/wp-content\/uploads\/2024\/01\/WhatsApp-Bild-2024-01-18-um-15.59.42_c8a431eb-300x300.jpg 300w, https:\/\/fdp-porta.de\/FDP\/wp-content\/uploads\/2024\/01\/WhatsApp-Bild-2024-01-18-um-15.59.42_c8a431eb-150x150.jpg 150w, https:\/\/fdp-porta.de\/FDP\/wp-content\/uploads\/2024\/01\/WhatsApp-Bild-2024-01-18-um-15.59.42_c8a431eb-768x767.jpg 768w\" sizes=\"auto, (max-width: 977px) 100vw, 977px\" \/><\/a><\/figure>\n<\/div>\n\n\n<p>Die FDP-Fraktion beantragt, die Verwaltung mit der Planung und Durchf\u00fchrung einer Lasershow am Fernsehturm auf dem Jakobsberg f\u00fcr die kommende Silvesternacht zu beauftragen. Diese Veranstaltung soll nicht nur ein spektakul\u00e4res visuelles Erlebnis f\u00fcr die B\u00fcrgerinnen und B\u00fcrger sowie G\u00e4ste unserer Stadt bieten, sondern auch ein Zeichen f\u00fcr Innovation und Fortschrittlichkeit setzen.<\/p>\n\n\n\n<p>Nachfolgend der Antrag zum ASE am 23. Januar 2024, <a href=\"https:\/\/fdp-porta.de\/FDP\/wp-content\/uploads\/2024\/01\/Antrag-Lasershow-Sylvester.pdf\" data-type=\"link\" data-id=\"https:\/\/fdp-porta.de\/FDP\/wp-content\/uploads\/2024\/01\/Antrag-Lasershow-Sylvester.pdf\" target=\"_blank\" rel=\"noreferrer noopener\">hier auch zum direkten Download.<\/a><\/p>\n\n\n<a href=\"https:\/\/fdp-porta.de\/FDP\/wp-content\/uploads\/2024\/01\/Antrag-Lasershow-Sylvester.pdf\" class=\"pdfemb-viewer\" style=\"\" data-width=\"max\" data-height=\"max\" data-toolbar=\"both\" data-toolbar-fixed=\"on\">Antrag-Lasershow-Sylvester<\/a>\n<p class=\"wp-block-pdfemb-pdf-embedder-viewer\"><\/p>\n","protected":false},"excerpt":{"rendered":"<p>Die FDP-Fraktion beantragt, die Verwaltung mit der Planung und Durchf\u00fchrung einer Lasershow am Fernsehturm auf dem Jakobsberg f\u00fcr die kommende Silvesternacht zu beauftragen. Diese Veranstaltung soll nicht nur ein spektakul\u00e4res visuelles Erlebnis f\u00fcr die B\u00fcrgerinnen und B\u00fcrger sowie G\u00e4ste unserer Stadt bieten, sondern auch ein Zeichen f\u00fcr Innovation und Fortschrittlichkeit setzen. Nachfolgend der Antrag zum [&hellip;]<\/p>\n","protected":false},"author":5,"featured_media":0,"comment_status":"closed","ping_status":"closed","sticky":false,"template":"","format":"standard","meta":{"footnotes":""},"categories":[1,18,13],"tags":[],"class_list":["post-4841","post","type-post","status-publish","format-standard","hentry","category-allgemein","category-antraege","category-fdp-porta-westfalica-aktuell"],"featured_image_src":null,"author_info":{"display_name":"Thomas Sch\u00fcrstedt","author_link":"https:\/\/fdp-porta.de\/FDP\/author\/tscynux-de\/"},"_links":{"self":[{"href":"https:\/\/fdp-porta.de\/FDP\/wp-json\/wp\/v2\/posts\/4841","targetHints":{"allow":["GET"]}}],"collection":[{"href":"https:\/\/fdp-porta.de\/FDP\/wp-json\/wp\/v2\/posts"}],"about":[{"href":"https:\/\/fdp-porta.de\/FDP\/wp-json\/wp\/v2\/types\/post"}],"author":[{"embeddable":true,"href":"https:\/\/fdp-porta.de\/FDP\/wp-json\/wp\/v2\/users\/5"}],"replies":[{"embeddable":true,"href":"https:\/\/fdp-porta.de\/FDP\/wp-json\/wp\/v2\/comments?post=4841"}],"version-history":[{"count":1,"href":"https:\/\/fdp-porta.de\/FDP\/wp-json\/wp\/v2\/posts\/4841\/revisions"}],"predecessor-version":[{"id":4844,"href":"https:\/\/fdp-porta.de\/FDP\/wp-json\/wp\/v2\/posts\/4841\/revisions\/4844"}],"wp:attachment":[{"href":"https:\/\/fdp-porta.de\/FDP\/wp-json\/wp\/v2\/media?parent=4841"}],"wp:term":[{"taxonomy":"category","embeddable":true,"href":"https:\/\/fdp-porta.de\/FDP\/wp-json\/wp\/v2\/categories?post=4841"},{"taxonomy":"post_tag","embeddable":true,"href":"https:\/\/fdp-porta.de\/FDP\/wp-json\/wp\/v2\/tags?post=4841"}],"curies":[{"name":"wp","href":"https:\/\/api.w.org\/{rel}","templated":true}]}}