{"id":4780,"date":"2023-08-21T13:47:54","date_gmt":"2023-08-21T11:47:54","guid":{"rendered":"https:\/\/fdp-porta.de\/FDP\/?p=4780"},"modified":"2023-08-21T13:48:02","modified_gmt":"2023-08-21T11:48:02","slug":"offenes-treffen-am-31-august-um-18-uhr-im-grill-faro","status":"publish","type":"post","link":"https:\/\/fdp-porta.de\/FDP\/offenes-treffen-am-31-august-um-18-uhr-im-grill-faro\/","title":{"rendered":"Offenes Treffen am 31. August um 18 Uhr im Grill Faro"},"content":{"rendered":"\n<p>Die FDP Porta Westfalica kommt am 31. August zu einem offenen Treffen zusammen.<br>Interessierte B\u00fcrgerrinnen und B\u00fcrger sind herzlich dazu eingeladen,<br>in einer geselligen Atmosph\u00e4re \u00fcber die aktuelle gesellschaftspolitische Lage zu diskutieren.<br>Wir freuen uns auf einen interessanten Austausch!<\/p>\n\n\n\n<figure class=\"wp-block-image size-large\"><a href=\"https:\/\/fdp-porta.de\/FDP\/wp-content\/uploads\/2023\/08\/FDP_Porta_mit_Ort_31_08_facebook.jpg\"><img loading=\"lazy\" decoding=\"async\" width=\"1024\" height=\"576\" src=\"https:\/\/fdp-porta.de\/FDP\/wp-content\/uploads\/2023\/08\/FDP_Porta_mit_Ort_31_08_facebook-1024x576.jpg\" alt=\"\" class=\"wp-image-4781\" srcset=\"https:\/\/fdp-porta.de\/FDP\/wp-content\/uploads\/2023\/08\/FDP_Porta_mit_Ort_31_08_facebook-1024x576.jpg 1024w, https:\/\/fdp-porta.de\/FDP\/wp-content\/uploads\/2023\/08\/FDP_Porta_mit_Ort_31_08_facebook-300x169.jpg 300w, https:\/\/fdp-porta.de\/FDP\/wp-content\/uploads\/2023\/08\/FDP_Porta_mit_Ort_31_08_facebook-768x432.jpg 768w, https:\/\/fdp-porta.de\/FDP\/wp-content\/uploads\/2023\/08\/FDP_Porta_mit_Ort_31_08_facebook-1536x864.jpg 1536w, https:\/\/fdp-porta.de\/FDP\/wp-content\/uploads\/2023\/08\/FDP_Porta_mit_Ort_31_08_facebook.jpg 1743w\" sizes=\"auto, (max-width: 1024px) 100vw, 1024px\" \/><\/a><\/figure>\n","protected":false},"excerpt":{"rendered":"<p>Die FDP Porta Westfalica kommt am 31. August zu einem offenen Treffen zusammen.Interessierte B\u00fcrgerrinnen und B\u00fcrger sind herzlich dazu eingeladen,in einer geselligen Atmosph\u00e4re \u00fcber die aktuelle gesellschaftspolitische Lage zu diskutieren.Wir freuen uns auf einen interessanten Austausch!<\/p>\n","protected":false},"author":5,"featured_media":0,"comment_status":"closed","ping_status":"closed","sticky":false,"template":"","format":"standard","meta":{"footnotes":""},"categories":[1,13,17],"tags":[],"class_list":["post-4780","post","type-post","status-publish","format-standard","hentry","category-allgemein","category-fdp-porta-westfalica-aktuell","category-pressemitteilungen"],"featured_image_src":null,"author_info":{"display_name":"Thomas Sch\u00fcrstedt","author_link":"https:\/\/fdp-porta.de\/FDP\/author\/tscynux-de\/"},"_links":{"self":[{"href":"https:\/\/fdp-porta.de\/FDP\/wp-json\/wp\/v2\/posts\/4780","targetHints":{"allow":["GET"]}}],"collection":[{"href":"https:\/\/fdp-porta.de\/FDP\/wp-json\/wp\/v2\/posts"}],"about":[{"href":"https:\/\/fdp-porta.de\/FDP\/wp-json\/wp\/v2\/types\/post"}],"author":[{"embeddable":true,"href":"https:\/\/fdp-porta.de\/FDP\/wp-json\/wp\/v2\/users\/5"}],"replies":[{"embeddable":true,"href":"https:\/\/fdp-porta.de\/FDP\/wp-json\/wp\/v2\/comments?post=4780"}],"version-history":[{"count":1,"href":"https:\/\/fdp-porta.de\/FDP\/wp-json\/wp\/v2\/posts\/4780\/revisions"}],"predecessor-version":[{"id":4782,"href":"https:\/\/fdp-porta.de\/FDP\/wp-json\/wp\/v2\/posts\/4780\/revisions\/4782"}],"wp:attachment":[{"href":"https:\/\/fdp-porta.de\/FDP\/wp-json\/wp\/v2\/media?parent=4780"}],"wp:term":[{"taxonomy":"category","embeddable":true,"href":"https:\/\/fdp-porta.de\/FDP\/wp-json\/wp\/v2\/categories?post=4780"},{"taxonomy":"post_tag","embeddable":true,"href":"https:\/\/fdp-porta.de\/FDP\/wp-json\/wp\/v2\/tags?post=4780"}],"curies":[{"name":"wp","href":"https:\/\/api.w.org\/{rel}","templated":true}]}}