{"id":4771,"date":"2023-08-21T13:35:55","date_gmt":"2023-08-21T11:35:55","guid":{"rendered":"https:\/\/fdp-porta.de\/FDP\/?p=4771"},"modified":"2023-08-21T13:38:20","modified_gmt":"2023-08-21T11:38:20","slug":"fdp-beantragt-gespraeche-zu-einer-faehrverbindung-porta-westfalica-bad-oeynhausen","status":"publish","type":"post","link":"https:\/\/fdp-porta.de\/FDP\/fdp-beantragt-gespraeche-zu-einer-faehrverbindung-porta-westfalica-bad-oeynhausen\/","title":{"rendered":"FDP beantragt Gespr\u00e4che zu einer F\u00e4hrverbindung Porta Westfalica-Bad Oeynhausen"},"content":{"rendered":"\n<p>Die FDP-Fraktion beantragt:<br>Die B\u00fcrgermeisterin wird gebeten, Gespr\u00e4che mit den zust\u00e4ndigen<br>Stellen der Kreisverwaltung Minden-L\u00fcbbecke, der Nachbarkommune<br>Bad Oeynhausen und dem zust\u00e4ndigen Schifffahrtsamt \/ der<br>Generaldirektion Wasserstra\u00dfen und Schifffahrt (GWDS) aufzunehmen.<br>Das verfolgte Ziel ist hierbei, baldm\u00f6glichst wieder einen F\u00e4hrbetrieb<br>mittels einer Seilzug-\/Gierseilf\u00e4hre am Gel\u00e4nde &#8211; S\u00fcdlicher See \/ Gro\u00dfer<br>Weserbogen &#8211; zum gegen\u00fcberliegenden Gel\u00e4nde &#8211; F\u00e4hranleger Bad<br>Oeynhausen &#8211; zu realisieren.<br>Ebenso sollen m\u00f6gliche Sponsoren dieses Projektes auf beiden Seiten<br>der Weser angesprochen werden. Ein \u00e4hnlicher Antrag ist in Bad<br>Oeynhausen derzeit auch in der politischen Beratung.<\/p>\n\n\n\n<p>Den kompletten Antrag k\u00f6nnen Sie <a href=\"https:\/\/fdp-porta.de\/FDP\/wp-content\/uploads\/2023\/08\/Antrag-der-FDP-Fraktion-Porta-Westfalica-230822.pdf\" data-type=\"link\" data-id=\"https:\/\/fdp-porta.de\/FDP\/wp-content\/uploads\/2023\/08\/Antrag-der-FDP-Fraktion-Porta-Westfalica-230822.pdf\" target=\"_blank\" rel=\"noreferrer noopener\">hier herunterladen&#8230;<\/a><\/p>\n\n\n\n<figure class=\"wp-block-gallery has-nested-images columns-default is-cropped wp-block-gallery-1 is-layout-flex wp-block-gallery-is-layout-flex\">\n<figure class=\"wp-block-image size-large\"><a href=\"https:\/\/fdp-porta.de\/FDP\/wp-content\/uploads\/2023\/08\/Schiffsanleger1-1.jpg\"><img loading=\"lazy\" decoding=\"async\" width=\"768\" height=\"1024\" data-id=\"4777\" src=\"https:\/\/fdp-porta.de\/FDP\/wp-content\/uploads\/2023\/08\/Schiffsanleger1-1-768x1024.jpg\" alt=\"\" class=\"wp-image-4777\" srcset=\"https:\/\/fdp-porta.de\/FDP\/wp-content\/uploads\/2023\/08\/Schiffsanleger1-1-768x1024.jpg 768w, https:\/\/fdp-porta.de\/FDP\/wp-content\/uploads\/2023\/08\/Schiffsanleger1-1-225x300.jpg 225w, https:\/\/fdp-porta.de\/FDP\/wp-content\/uploads\/2023\/08\/Schiffsanleger1-1-1152x1536.jpg 1152w, https:\/\/fdp-porta.de\/FDP\/wp-content\/uploads\/2023\/08\/Schiffsanleger1-1.jpg 1500w\" sizes=\"auto, (max-width: 768px) 100vw, 768px\" \/><\/a><\/figure>\n\n\n\n<figure class=\"wp-block-image size-large\"><a href=\"https:\/\/fdp-porta.de\/FDP\/wp-content\/uploads\/2023\/08\/Schiffsanleger2.jpg\"><img loading=\"lazy\" decoding=\"async\" width=\"768\" height=\"1024\" data-id=\"4778\" src=\"https:\/\/fdp-porta.de\/FDP\/wp-content\/uploads\/2023\/08\/Schiffsanleger2-768x1024.jpg\" alt=\"\" class=\"wp-image-4778\" srcset=\"https:\/\/fdp-porta.de\/FDP\/wp-content\/uploads\/2023\/08\/Schiffsanleger2-768x1024.jpg 768w, https:\/\/fdp-porta.de\/FDP\/wp-content\/uploads\/2023\/08\/Schiffsanleger2-225x300.jpg 225w, https:\/\/fdp-porta.de\/FDP\/wp-content\/uploads\/2023\/08\/Schiffsanleger2-1152x1536.jpg 1152w, https:\/\/fdp-porta.de\/FDP\/wp-content\/uploads\/2023\/08\/Schiffsanleger2.jpg 1500w\" sizes=\"auto, (max-width: 768px) 100vw, 768px\" \/><\/a><\/figure>\n\n\n\n<figure class=\"wp-block-image size-large\"><a href=\"https:\/\/fdp-porta.de\/FDP\/wp-content\/uploads\/2023\/08\/Weserbruecke.jpg\"><img loading=\"lazy\" decoding=\"async\" width=\"768\" height=\"1024\" data-id=\"4776\" src=\"https:\/\/fdp-porta.de\/FDP\/wp-content\/uploads\/2023\/08\/Weserbruecke-768x1024.jpg\" alt=\"\" class=\"wp-image-4776\" srcset=\"https:\/\/fdp-porta.de\/FDP\/wp-content\/uploads\/2023\/08\/Weserbruecke-768x1024.jpg 768w, https:\/\/fdp-porta.de\/FDP\/wp-content\/uploads\/2023\/08\/Weserbruecke-225x300.jpg 225w, https:\/\/fdp-porta.de\/FDP\/wp-content\/uploads\/2023\/08\/Weserbruecke-1152x1536.jpg 1152w, https:\/\/fdp-porta.de\/FDP\/wp-content\/uploads\/2023\/08\/Weserbruecke.jpg 1200w\" sizes=\"auto, (max-width: 768px) 100vw, 768px\" \/><\/a><\/figure>\n<\/figure>\n\n\n<a href=\"https:\/\/fdp-porta.de\/FDP\/wp-content\/uploads\/2023\/08\/Antrag-der-FDP-Fraktion-Porta-Westfalica-230822.pdf\" class=\"pdfemb-viewer\" style=\"\" data-width=\"max\" data-height=\"max\" data-toolbar=\"both\" data-toolbar-fixed=\"on\">Antrag-der-FDP-Fraktion-Porta-Westfalica-230822<\/a>\n<p class=\"wp-block-pdfemb-pdf-embedder-viewer\"><\/p>\n","protected":false},"excerpt":{"rendered":"<p>Die FDP-Fraktion beantragt:Die B\u00fcrgermeisterin wird gebeten, Gespr\u00e4che mit den zust\u00e4ndigenStellen der Kreisverwaltung Minden-L\u00fcbbecke, der NachbarkommuneBad Oeynhausen und dem zust\u00e4ndigen Schifffahrtsamt \/ derGeneraldirektion Wasserstra\u00dfen und Schifffahrt (GWDS) aufzunehmen.Das verfolgte Ziel ist hierbei, baldm\u00f6glichst wieder einen F\u00e4hrbetriebmittels einer Seilzug-\/Gierseilf\u00e4hre am Gel\u00e4nde &#8211; S\u00fcdlicher See \/ Gro\u00dferWeserbogen &#8211; zum gegen\u00fcberliegenden Gel\u00e4nde &#8211; F\u00e4hranleger BadOeynhausen &#8211; zu realisieren.Ebenso sollen [&hellip;]<\/p>\n","protected":false},"author":5,"featured_media":0,"comment_status":"closed","ping_status":"closed","sticky":false,"template":"","format":"standard","meta":{"footnotes":""},"categories":[1,18,13],"tags":[],"class_list":["post-4771","post","type-post","status-publish","format-standard","hentry","category-allgemein","category-antraege","category-fdp-porta-westfalica-aktuell"],"featured_image_src":null,"author_info":{"display_name":"Thomas Sch\u00fcrstedt","author_link":"https:\/\/fdp-porta.de\/FDP\/author\/tscynux-de\/"},"_links":{"self":[{"href":"https:\/\/fdp-porta.de\/FDP\/wp-json\/wp\/v2\/posts\/4771","targetHints":{"allow":["GET"]}}],"collection":[{"href":"https:\/\/fdp-porta.de\/FDP\/wp-json\/wp\/v2\/posts"}],"about":[{"href":"https:\/\/fdp-porta.de\/FDP\/wp-json\/wp\/v2\/types\/post"}],"author":[{"embeddable":true,"href":"https:\/\/fdp-porta.de\/FDP\/wp-json\/wp\/v2\/users\/5"}],"replies":[{"embeddable":true,"href":"https:\/\/fdp-porta.de\/FDP\/wp-json\/wp\/v2\/comments?post=4771"}],"version-history":[{"count":2,"href":"https:\/\/fdp-porta.de\/FDP\/wp-json\/wp\/v2\/posts\/4771\/revisions"}],"predecessor-version":[{"id":4779,"href":"https:\/\/fdp-porta.de\/FDP\/wp-json\/wp\/v2\/posts\/4771\/revisions\/4779"}],"wp:attachment":[{"href":"https:\/\/fdp-porta.de\/FDP\/wp-json\/wp\/v2\/media?parent=4771"}],"wp:term":[{"taxonomy":"category","embeddable":true,"href":"https:\/\/fdp-porta.de\/FDP\/wp-json\/wp\/v2\/categories?post=4771"},{"taxonomy":"post_tag","embeddable":true,"href":"https:\/\/fdp-porta.de\/FDP\/wp-json\/wp\/v2\/tags?post=4771"}],"curies":[{"name":"wp","href":"https:\/\/api.w.org\/{rel}","templated":true}]}}