{"id":4738,"date":"2023-05-22T08:20:46","date_gmt":"2023-05-22T06:20:46","guid":{"rendered":"https:\/\/fdp-porta.de\/FDP\/?p=4738"},"modified":"2023-05-22T13:36:57","modified_gmt":"2023-05-22T11:36:57","slug":"teilnahme-der-fraktion-der-fdp-porta-an-einer-moorwanderung","status":"publish","type":"post","link":"https:\/\/fdp-porta.de\/FDP\/teilnahme-der-fraktion-der-fdp-porta-an-einer-moorwanderung\/","title":{"rendered":"Teilnahme der Fraktion der FDP Porta an einer Moorwanderung"},"content":{"rendered":"\n<p><em>Am gestrigen Sonntag nahm die Fraktion der FDP Porta an einer Moorwanderung, organisiert von den FDP Ortsverb\u00e4nden Hille und L\u00fcbbecke, teil&nbsp;.<\/em><\/p>\n\n\n\n<p><em>Die Wanderung im &#8222;Gro\u00dfen Torfmoor&#8220; oder&nbsp;u.a. auch bekannt unter der Bezeichnung&nbsp;&#8222;Hiller Moor&#8220;, wurde durch den Nabu im Kreis Minden-L\u00fcbbecke begleitet<\/em>.<\/p>\n\n\n\n<p><em>und durch einen abschlie\u00dfenden&nbsp;Vortrag, zu den thematischen Schwerpunkten Natur- und Artenschutz, im Moorhus abgerundet.<\/em><\/p>\n\n\n\n<p><em>Wir bedanken uns f\u00fcr die sehr gute Organisation der Freunde aus Hille und L\u00fcbbecke und freuen uns auf die zuk\u00fcnftigen gemeinsamen Veranstaltungen<\/em>.<\/p>\n\n\n\n<figure class=\"wp-block-gallery has-nested-images columns-default is-cropped wp-block-gallery-1 is-layout-flex wp-block-gallery-is-layout-flex\">\n<figure class=\"wp-block-image size-large\"><a href=\"https:\/\/fdp-porta.de\/FDP\/wp-content\/uploads\/2023\/05\/FDP_Porta_Moor_3f.png\"><img loading=\"lazy\" decoding=\"async\" width=\"1024\" height=\"536\" data-id=\"4739\" src=\"https:\/\/fdp-porta.de\/FDP\/wp-content\/uploads\/2023\/05\/FDP_Porta_Moor_3f-1024x536.png\" alt=\"\" class=\"wp-image-4739\" srcset=\"https:\/\/fdp-porta.de\/FDP\/wp-content\/uploads\/2023\/05\/FDP_Porta_Moor_3f-1024x536.png 1024w, https:\/\/fdp-porta.de\/FDP\/wp-content\/uploads\/2023\/05\/FDP_Porta_Moor_3f-300x157.png 300w, https:\/\/fdp-porta.de\/FDP\/wp-content\/uploads\/2023\/05\/FDP_Porta_Moor_3f-768x402.png 768w, https:\/\/fdp-porta.de\/FDP\/wp-content\/uploads\/2023\/05\/FDP_Porta_Moor_3f.png 1200w\" sizes=\"auto, (max-width: 1024px) 100vw, 1024px\" \/><\/a><\/figure>\n\n\n\n<figure class=\"wp-block-image size-large\"><a href=\"https:\/\/fdp-porta.de\/FDP\/wp-content\/uploads\/2023\/05\/FDP_Porta_Moor_1f.png\"><img loading=\"lazy\" decoding=\"async\" width=\"1024\" height=\"536\" data-id=\"4741\" src=\"https:\/\/fdp-porta.de\/FDP\/wp-content\/uploads\/2023\/05\/FDP_Porta_Moor_1f-1024x536.png\" alt=\"\" class=\"wp-image-4741\" srcset=\"https:\/\/fdp-porta.de\/FDP\/wp-content\/uploads\/2023\/05\/FDP_Porta_Moor_1f-1024x536.png 1024w, https:\/\/fdp-porta.de\/FDP\/wp-content\/uploads\/2023\/05\/FDP_Porta_Moor_1f-300x157.png 300w, https:\/\/fdp-porta.de\/FDP\/wp-content\/uploads\/2023\/05\/FDP_Porta_Moor_1f-768x402.png 768w, https:\/\/fdp-porta.de\/FDP\/wp-content\/uploads\/2023\/05\/FDP_Porta_Moor_1f.png 1200w\" sizes=\"auto, (max-width: 1024px) 100vw, 1024px\" \/><\/a><\/figure>\n\n\n\n<figure class=\"wp-block-image size-large\"><a href=\"https:\/\/fdp-porta.de\/FDP\/wp-content\/uploads\/2023\/05\/FDP_Porta_Moor_2f.png\"><img loading=\"lazy\" decoding=\"async\" width=\"1024\" height=\"536\" data-id=\"4740\" src=\"https:\/\/fdp-porta.de\/FDP\/wp-content\/uploads\/2023\/05\/FDP_Porta_Moor_2f-1024x536.png\" alt=\"\" class=\"wp-image-4740\" srcset=\"https:\/\/fdp-porta.de\/FDP\/wp-content\/uploads\/2023\/05\/FDP_Porta_Moor_2f-1024x536.png 1024w, https:\/\/fdp-porta.de\/FDP\/wp-content\/uploads\/2023\/05\/FDP_Porta_Moor_2f-300x157.png 300w, https:\/\/fdp-porta.de\/FDP\/wp-content\/uploads\/2023\/05\/FDP_Porta_Moor_2f-768x402.png 768w, https:\/\/fdp-porta.de\/FDP\/wp-content\/uploads\/2023\/05\/FDP_Porta_Moor_2f.png 1200w\" sizes=\"auto, (max-width: 1024px) 100vw, 1024px\" \/><\/a><\/figure>\n<\/figure>\n","protected":false},"excerpt":{"rendered":"<p>Am gestrigen Sonntag nahm die Fraktion der FDP Porta an einer Moorwanderung, organisiert von den FDP Ortsverb\u00e4nden Hille und L\u00fcbbecke, teil&nbsp;. Die Wanderung im &#8222;Gro\u00dfen Torfmoor&#8220; oder&nbsp;u.a. auch bekannt unter der Bezeichnung&nbsp;&#8222;Hiller Moor&#8220;, wurde durch den Nabu im Kreis Minden-L\u00fcbbecke begleitet. und durch einen abschlie\u00dfenden&nbsp;Vortrag, zu den thematischen Schwerpunkten Natur- und Artenschutz, im Moorhus abgerundet. [&hellip;]<\/p>\n","protected":false},"author":5,"featured_media":0,"comment_status":"closed","ping_status":"closed","sticky":false,"template":"","format":"standard","meta":{"footnotes":""},"categories":[1,13,20],"tags":[],"class_list":["post-4738","post","type-post","status-publish","format-standard","hentry","category-allgemein","category-fdp-porta-westfalica-aktuell","category-veranstaltungen"],"featured_image_src":null,"author_info":{"display_name":"Thomas Sch\u00fcrstedt","author_link":"https:\/\/fdp-porta.de\/FDP\/author\/tscynux-de\/"},"_links":{"self":[{"href":"https:\/\/fdp-porta.de\/FDP\/wp-json\/wp\/v2\/posts\/4738","targetHints":{"allow":["GET"]}}],"collection":[{"href":"https:\/\/fdp-porta.de\/FDP\/wp-json\/wp\/v2\/posts"}],"about":[{"href":"https:\/\/fdp-porta.de\/FDP\/wp-json\/wp\/v2\/types\/post"}],"author":[{"embeddable":true,"href":"https:\/\/fdp-porta.de\/FDP\/wp-json\/wp\/v2\/users\/5"}],"replies":[{"embeddable":true,"href":"https:\/\/fdp-porta.de\/FDP\/wp-json\/wp\/v2\/comments?post=4738"}],"version-history":[{"count":2,"href":"https:\/\/fdp-porta.de\/FDP\/wp-json\/wp\/v2\/posts\/4738\/revisions"}],"predecessor-version":[{"id":4743,"href":"https:\/\/fdp-porta.de\/FDP\/wp-json\/wp\/v2\/posts\/4738\/revisions\/4743"}],"wp:attachment":[{"href":"https:\/\/fdp-porta.de\/FDP\/wp-json\/wp\/v2\/media?parent=4738"}],"wp:term":[{"taxonomy":"category","embeddable":true,"href":"https:\/\/fdp-porta.de\/FDP\/wp-json\/wp\/v2\/categories?post=4738"},{"taxonomy":"post_tag","embeddable":true,"href":"https:\/\/fdp-porta.de\/FDP\/wp-json\/wp\/v2\/tags?post=4738"}],"curies":[{"name":"wp","href":"https:\/\/api.w.org\/{rel}","templated":true}]}}