{"id":4666,"date":"2023-01-22T07:52:13","date_gmt":"2023-01-22T06:52:13","guid":{"rendered":"https:\/\/fdp-porta.de\/FDP\/?p=4666"},"modified":"2023-01-22T11:24:45","modified_gmt":"2023-01-22T10:24:45","slug":"besuch-der-fdp-fraktion-in-der-sanierten-grundschule-barkhausen","status":"publish","type":"post","link":"https:\/\/fdp-porta.de\/FDP\/besuch-der-fdp-fraktion-in-der-sanierten-grundschule-barkhausen\/","title":{"rendered":"Besuch der FDP-Fraktion in der sanierten Grundschule Barkhausen"},"content":{"rendered":"\n<p>Gut zu sehen, dass auch hier die Digitalisierung und somit zeitgem\u00e4\u00dfe Unterrichtsgestaltung Einzug gehalten hat.<\/p>\n\n\n\n<p>Im Rahmen der Chancengleichheit muss das f\u00fcr alle Portaner Kinder m\u00f6glich sein.<\/p>\n\n\n\n<p>Das Wort der Bundesbildungsministerin \u201eFachkr\u00e4fte von morgen, k\u00f6nnen nicht in Schulen von gestern lernen\u201c muss auch vor Ort umgesetzt werden. Hier gibt es was zu tun&#x1f4aa;&#x1f3fc;<\/p>\n\n\n\n<figure class=\"wp-block-gallery has-nested-images columns-default is-cropped wp-block-gallery-1 is-layout-flex wp-block-gallery-is-layout-flex\">\n<figure class=\"wp-block-image size-large\"><a href=\"https:\/\/fdp-porta.de\/FDP\/wp-content\/uploads\/2023\/01\/Bild1.jpg\"><img loading=\"lazy\" decoding=\"async\" width=\"640\" height=\"480\" data-id=\"4669\" src=\"https:\/\/fdp-porta.de\/FDP\/wp-content\/uploads\/2023\/01\/Bild1.jpg\" alt=\"\" class=\"wp-image-4669\" srcset=\"https:\/\/fdp-porta.de\/FDP\/wp-content\/uploads\/2023\/01\/Bild1.jpg 640w, https:\/\/fdp-porta.de\/FDP\/wp-content\/uploads\/2023\/01\/Bild1-300x225.jpg 300w\" sizes=\"auto, (max-width: 640px) 100vw, 640px\" \/><\/a><\/figure>\n\n\n\n<figure class=\"wp-block-image size-large\"><a href=\"https:\/\/fdp-porta.de\/FDP\/wp-content\/uploads\/2023\/01\/Bild2.jpg\"><img loading=\"lazy\" decoding=\"async\" width=\"640\" height=\"480\" data-id=\"4667\" src=\"https:\/\/fdp-porta.de\/FDP\/wp-content\/uploads\/2023\/01\/Bild2.jpg\" alt=\"\" class=\"wp-image-4667\" srcset=\"https:\/\/fdp-porta.de\/FDP\/wp-content\/uploads\/2023\/01\/Bild2.jpg 640w, https:\/\/fdp-porta.de\/FDP\/wp-content\/uploads\/2023\/01\/Bild2-300x225.jpg 300w\" sizes=\"auto, (max-width: 640px) 100vw, 640px\" \/><\/a><\/figure>\n\n\n\n<figure class=\"wp-block-image size-large\"><a href=\"https:\/\/fdp-porta.de\/FDP\/wp-content\/uploads\/2023\/01\/Bild3.jpg\"><img loading=\"lazy\" decoding=\"async\" width=\"640\" height=\"480\" data-id=\"4668\" src=\"https:\/\/fdp-porta.de\/FDP\/wp-content\/uploads\/2023\/01\/Bild3.jpg\" alt=\"\" class=\"wp-image-4668\" srcset=\"https:\/\/fdp-porta.de\/FDP\/wp-content\/uploads\/2023\/01\/Bild3.jpg 640w, https:\/\/fdp-porta.de\/FDP\/wp-content\/uploads\/2023\/01\/Bild3-300x225.jpg 300w\" sizes=\"auto, (max-width: 640px) 100vw, 640px\" \/><\/a><\/figure>\n<\/figure>\n","protected":false},"excerpt":{"rendered":"<p>Gut zu sehen, dass auch hier die Digitalisierung und somit zeitgem\u00e4\u00dfe Unterrichtsgestaltung Einzug gehalten hat. Im Rahmen der Chancengleichheit muss das f\u00fcr alle Portaner Kinder m\u00f6glich sein. Das Wort der Bundesbildungsministerin \u201eFachkr\u00e4fte von morgen, k\u00f6nnen nicht in Schulen von gestern lernen\u201c muss auch vor Ort umgesetzt werden. Hier gibt es was zu tun&#x1f4aa;&#x1f3fc;<\/p>\n","protected":false},"author":5,"featured_media":0,"comment_status":"closed","ping_status":"closed","sticky":false,"template":"","format":"standard","meta":{"footnotes":""},"categories":[1,13,17],"tags":[],"class_list":["post-4666","post","type-post","status-publish","format-standard","hentry","category-allgemein","category-fdp-porta-westfalica-aktuell","category-pressemitteilungen"],"featured_image_src":null,"author_info":{"display_name":"Thomas Sch\u00fcrstedt","author_link":"https:\/\/fdp-porta.de\/FDP\/author\/tscynux-de\/"},"_links":{"self":[{"href":"https:\/\/fdp-porta.de\/FDP\/wp-json\/wp\/v2\/posts\/4666","targetHints":{"allow":["GET"]}}],"collection":[{"href":"https:\/\/fdp-porta.de\/FDP\/wp-json\/wp\/v2\/posts"}],"about":[{"href":"https:\/\/fdp-porta.de\/FDP\/wp-json\/wp\/v2\/types\/post"}],"author":[{"embeddable":true,"href":"https:\/\/fdp-porta.de\/FDP\/wp-json\/wp\/v2\/users\/5"}],"replies":[{"embeddable":true,"href":"https:\/\/fdp-porta.de\/FDP\/wp-json\/wp\/v2\/comments?post=4666"}],"version-history":[{"count":5,"href":"https:\/\/fdp-porta.de\/FDP\/wp-json\/wp\/v2\/posts\/4666\/revisions"}],"predecessor-version":[{"id":4674,"href":"https:\/\/fdp-porta.de\/FDP\/wp-json\/wp\/v2\/posts\/4666\/revisions\/4674"}],"wp:attachment":[{"href":"https:\/\/fdp-porta.de\/FDP\/wp-json\/wp\/v2\/media?parent=4666"}],"wp:term":[{"taxonomy":"category","embeddable":true,"href":"https:\/\/fdp-porta.de\/FDP\/wp-json\/wp\/v2\/categories?post=4666"},{"taxonomy":"post_tag","embeddable":true,"href":"https:\/\/fdp-porta.de\/FDP\/wp-json\/wp\/v2\/tags?post=4666"}],"curies":[{"name":"wp","href":"https:\/\/api.w.org\/{rel}","templated":true}]}}