{"id":4568,"date":"2022-05-10T08:31:13","date_gmt":"2022-05-10T06:31:13","guid":{"rendered":"https:\/\/fdp-porta.de\/FDP\/?p=4568"},"modified":"2022-05-10T08:31:14","modified_gmt":"2022-05-10T06:31:14","slug":"daniel-beihl-wirtschaft-braucht-keine-buerokraten","status":"publish","type":"post","link":"https:\/\/fdp-porta.de\/FDP\/daniel-beihl-wirtschaft-braucht-keine-buerokraten\/","title":{"rendered":"Daniel Beihl: Wirtschaft braucht keine B\u00fcrokraten."},"content":{"rendered":"\n<div class=\"wp-block-image\"><figure class=\"aligncenter size-large\"><a href=\"https:\/\/fdp-porta.de\/FDP\/wp-content\/uploads\/2022\/05\/WhatsApp-Image-2022-05-09-at-14.40.23.jpeg\"><img loading=\"lazy\" decoding=\"async\" width=\"1024\" height=\"1024\" src=\"https:\/\/fdp-porta.de\/FDP\/wp-content\/uploads\/2022\/05\/WhatsApp-Image-2022-05-09-at-14.40.23-1024x1024.jpeg\" alt=\"\" class=\"wp-image-4569\" srcset=\"https:\/\/fdp-porta.de\/FDP\/wp-content\/uploads\/2022\/05\/WhatsApp-Image-2022-05-09-at-14.40.23-1024x1024.jpeg 1024w, https:\/\/fdp-porta.de\/FDP\/wp-content\/uploads\/2022\/05\/WhatsApp-Image-2022-05-09-at-14.40.23-300x300.jpeg 300w, https:\/\/fdp-porta.de\/FDP\/wp-content\/uploads\/2022\/05\/WhatsApp-Image-2022-05-09-at-14.40.23-150x150.jpeg 150w, https:\/\/fdp-porta.de\/FDP\/wp-content\/uploads\/2022\/05\/WhatsApp-Image-2022-05-09-at-14.40.23-768x768.jpeg 768w, https:\/\/fdp-porta.de\/FDP\/wp-content\/uploads\/2022\/05\/WhatsApp-Image-2022-05-09-at-14.40.23.jpeg 1080w\" sizes=\"auto, (max-width: 1024px) 100vw, 1024px\" \/><\/a><\/figure><\/div>\n\n\n\n<p>WIRTSCHAFT BRAUCHT KEINE B\u00dcROKRATEN. SONDERN FREIE DEMOKRATEN. FR\u00dcHER HAT NRW B\u00dcROKRATIE GESCHAFFEN, WIR LASSEN HEUTE UNTERNEHMEN ETWAS SCHAFFEN.<\/p>\n\n\n\n<p>&#x27a1;&#xfe0f; seit 2017 ist unsere Wirtschaft st\u00e4rker gewachsen als im Bund<br>&#x27a1;&#xfe0f;es gibt 400.000 mehr Arbeitspl\u00e4tze<br>&#x27a1;&#xfe0f;mit acht Entfesselungspaketen haben wir zahlreichen H\u00fcrden f\u00fcr unsere Wirtschaft in NRW beseitigt<br>&#x27a1;&#xfe0f;St\u00e4rkung des Mittelstands und des Handwerks<br>&#x27a1;&#xfe0f;Erh\u00f6hung der Meistergr\u00fcndungspr\u00e4mie<br>&#x27a1;&#xfe0f;Wir haben Gr\u00fcnden digitaler und einfacher gemacht<\/p>\n\n\n\n<p>Und damit NRW weiterhin erfolgreich ist, Arbeitspl\u00e4tze und Wohlstand erhalten bleiben, wollen wir hier ankn\u00fcpfen! Unsere Ideen:<\/p>\n\n\n\n<p>&#x1f51c;vor allem nach Corona und durch den Krieg in der Ukraine brauchen wir gesundes Wirtschaftswachstum, durch weniger Belastungen f\u00fcr Betriebe<br>&#x1f51c;mehr Investitionen und Innovationen vorantreiben<br>&#x1f51c;f\u00fcr jede neue Regelung soll eine alte wegfallen<br>&#x1f51c;Fachkr\u00e4fteoffensive durch die St\u00e4rkung der dualen Ausbildung und qualifizierte Einwanderung<br>&#x1f51c;F\u00f6rderung der Freien Berufe<br>&#x1f51c;st\u00e4rkere Digitalisierung<br>&#x1f51c;Gr\u00fcnderstandort weiterentwickeln und ausbauen, damit noch mehr Erfinder ihre Idee verwirklichen k\u00f6nnen.<\/p>\n","protected":false},"excerpt":{"rendered":"<p>WIRTSCHAFT BRAUCHT KEINE B\u00dcROKRATEN. SONDERN FREIE DEMOKRATEN. FR\u00dcHER HAT NRW B\u00dcROKRATIE GESCHAFFEN, WIR LASSEN HEUTE UNTERNEHMEN ETWAS SCHAFFEN. &#x27a1;&#xfe0f; seit 2017 ist unsere Wirtschaft st\u00e4rker gewachsen als im Bund&#x27a1;&#xfe0f;es gibt 400.000 mehr Arbeitspl\u00e4tze&#x27a1;&#xfe0f;mit acht Entfesselungspaketen haben wir zahlreichen H\u00fcrden f\u00fcr unsere Wirtschaft in NRW beseitigt&#x27a1;&#xfe0f;St\u00e4rkung des Mittelstands und des Handwerks&#x27a1;&#xfe0f;Erh\u00f6hung der Meistergr\u00fcndungspr\u00e4mie&#x27a1;&#xfe0f;Wir haben Gr\u00fcnden digitaler [&hellip;]<\/p>\n","protected":false},"author":5,"featured_media":0,"comment_status":"closed","ping_status":"closed","sticky":false,"template":"","format":"standard","meta":{"footnotes":""},"categories":[1,13,17],"tags":[],"class_list":["post-4568","post","type-post","status-publish","format-standard","hentry","category-allgemein","category-fdp-porta-westfalica-aktuell","category-pressemitteilungen"],"featured_image_src":null,"author_info":{"display_name":"Thomas Sch\u00fcrstedt","author_link":"https:\/\/fdp-porta.de\/FDP\/author\/tscynux-de\/"},"_links":{"self":[{"href":"https:\/\/fdp-porta.de\/FDP\/wp-json\/wp\/v2\/posts\/4568","targetHints":{"allow":["GET"]}}],"collection":[{"href":"https:\/\/fdp-porta.de\/FDP\/wp-json\/wp\/v2\/posts"}],"about":[{"href":"https:\/\/fdp-porta.de\/FDP\/wp-json\/wp\/v2\/types\/post"}],"author":[{"embeddable":true,"href":"https:\/\/fdp-porta.de\/FDP\/wp-json\/wp\/v2\/users\/5"}],"replies":[{"embeddable":true,"href":"https:\/\/fdp-porta.de\/FDP\/wp-json\/wp\/v2\/comments?post=4568"}],"version-history":[{"count":1,"href":"https:\/\/fdp-porta.de\/FDP\/wp-json\/wp\/v2\/posts\/4568\/revisions"}],"predecessor-version":[{"id":4570,"href":"https:\/\/fdp-porta.de\/FDP\/wp-json\/wp\/v2\/posts\/4568\/revisions\/4570"}],"wp:attachment":[{"href":"https:\/\/fdp-porta.de\/FDP\/wp-json\/wp\/v2\/media?parent=4568"}],"wp:term":[{"taxonomy":"category","embeddable":true,"href":"https:\/\/fdp-porta.de\/FDP\/wp-json\/wp\/v2\/categories?post=4568"},{"taxonomy":"post_tag","embeddable":true,"href":"https:\/\/fdp-porta.de\/FDP\/wp-json\/wp\/v2\/tags?post=4568"}],"curies":[{"name":"wp","href":"https:\/\/api.w.org\/{rel}","templated":true}]}}