{"id":4551,"date":"2022-04-24T20:34:56","date_gmt":"2022-04-24T18:34:56","guid":{"rendered":"https:\/\/fdp-porta.de\/FDP\/?p=4551"},"modified":"2022-05-02T08:29:46","modified_gmt":"2022-05-02T06:29:46","slug":"fuehrung-im-grossen-torfmoor-mit-unserer-landtagsabgeordneten-daniela-beihl","status":"publish","type":"post","link":"https:\/\/fdp-porta.de\/FDP\/fuehrung-im-grossen-torfmoor-mit-unserer-landtagsabgeordneten-daniela-beihl\/","title":{"rendered":"F\u00fchrung im Gro\u00dfen Torfmoor mit unserer Landtagsabgeordneten Daniela Beihl"},"content":{"rendered":"\n<figure class=\"wp-block-gallery has-nested-images columns-default is-cropped wp-block-gallery-1 is-layout-flex wp-block-gallery-is-layout-flex\">\n<figure class=\"wp-block-image size-large\"><a href=\"https:\/\/fdp-porta.de\/FDP\/wp-content\/uploads\/2022\/04\/image0.jpeg\"><img loading=\"lazy\" decoding=\"async\" width=\"478\" height=\"640\" data-id=\"4552\" src=\"https:\/\/fdp-porta.de\/FDP\/wp-content\/uploads\/2022\/04\/image0.jpeg\" alt=\"\" class=\"wp-image-4552\" srcset=\"https:\/\/fdp-porta.de\/FDP\/wp-content\/uploads\/2022\/04\/image0.jpeg 478w, https:\/\/fdp-porta.de\/FDP\/wp-content\/uploads\/2022\/04\/image0-224x300.jpeg 224w\" sizes=\"auto, (max-width: 478px) 100vw, 478px\" \/><\/a><\/figure>\n\n\n\n<figure class=\"wp-block-image size-large\"><a href=\"https:\/\/fdp-porta.de\/FDP\/wp-content\/uploads\/2022\/04\/image1.jpeg\"><img loading=\"lazy\" decoding=\"async\" width=\"478\" height=\"640\" data-id=\"4553\" src=\"https:\/\/fdp-porta.de\/FDP\/wp-content\/uploads\/2022\/04\/image1.jpeg\" alt=\"\" class=\"wp-image-4553\" srcset=\"https:\/\/fdp-porta.de\/FDP\/wp-content\/uploads\/2022\/04\/image1.jpeg 478w, https:\/\/fdp-porta.de\/FDP\/wp-content\/uploads\/2022\/04\/image1-224x300.jpeg 224w\" sizes=\"auto, (max-width: 478px) 100vw, 478px\" \/><\/a><\/figure>\n\n\n\n<figure class=\"wp-block-image size-large\"><a href=\"https:\/\/fdp-porta.de\/FDP\/wp-content\/uploads\/2022\/04\/image2.jpeg\"><img loading=\"lazy\" decoding=\"async\" width=\"478\" height=\"640\" data-id=\"4554\" src=\"https:\/\/fdp-porta.de\/FDP\/wp-content\/uploads\/2022\/04\/image2.jpeg\" alt=\"\" class=\"wp-image-4554\" srcset=\"https:\/\/fdp-porta.de\/FDP\/wp-content\/uploads\/2022\/04\/image2.jpeg 478w, https:\/\/fdp-porta.de\/FDP\/wp-content\/uploads\/2022\/04\/image2-224x300.jpeg 224w\" sizes=\"auto, (max-width: 478px) 100vw, 478px\" \/><\/a><\/figure>\n\n\n\n<figure class=\"wp-block-image size-large\"><a href=\"https:\/\/fdp-porta.de\/FDP\/wp-content\/uploads\/2022\/04\/image3.jpeg\"><img loading=\"lazy\" decoding=\"async\" width=\"640\" height=\"478\" data-id=\"4555\" src=\"https:\/\/fdp-porta.de\/FDP\/wp-content\/uploads\/2022\/04\/image3.jpeg\" alt=\"\" class=\"wp-image-4555\" srcset=\"https:\/\/fdp-porta.de\/FDP\/wp-content\/uploads\/2022\/04\/image3.jpeg 640w, https:\/\/fdp-porta.de\/FDP\/wp-content\/uploads\/2022\/04\/image3-300x224.jpeg 300w\" sizes=\"auto, (max-width: 640px) 100vw, 640px\" \/><\/a><\/figure>\n<\/figure>\n\n\n\n<p>Heute: tolle F\u00fchrung im Gro\u00dfen Torfmoor mit unserer Landtagsabgeordneten Daniela Beihl und dem Natur-und Landschaftsf\u00fchrer Ralf Quellhorst. Wir lernten vieles \u00fcber die Kraft des Moores f\u00fcr den Klimaschutz\u00a0 und \u00fcber Flora und Fauna.<\/p>\n\n\n\n<p>Der M\u00fchlenkreis hat soviel zu bieten, daf\u00fcr brauchen wir eine starke Stimme in D\u00fcsseldorf.<\/p>\n\n\n\n<p>Dank an die Hiller Parteifreunde f\u00fcr die gute Organisation.<\/p>\n","protected":false},"excerpt":{"rendered":"<p>Heute: tolle F\u00fchrung im Gro\u00dfen Torfmoor mit unserer Landtagsabgeordneten Daniela Beihl und dem Natur-und Landschaftsf\u00fchrer Ralf Quellhorst. Wir lernten vieles \u00fcber die Kraft des Moores f\u00fcr den Klimaschutz\u00a0 und \u00fcber Flora und Fauna. Der M\u00fchlenkreis hat soviel zu bieten, daf\u00fcr brauchen wir eine starke Stimme in D\u00fcsseldorf. Dank an die Hiller Parteifreunde f\u00fcr die gute [&hellip;]<\/p>\n","protected":false},"author":5,"featured_media":0,"comment_status":"closed","ping_status":"closed","sticky":false,"template":"","format":"standard","meta":{"footnotes":""},"categories":[1,13,17],"tags":[],"class_list":["post-4551","post","type-post","status-publish","format-standard","hentry","category-allgemein","category-fdp-porta-westfalica-aktuell","category-pressemitteilungen"],"featured_image_src":null,"author_info":{"display_name":"Thomas Sch\u00fcrstedt","author_link":"https:\/\/fdp-porta.de\/FDP\/author\/tscynux-de\/"},"_links":{"self":[{"href":"https:\/\/fdp-porta.de\/FDP\/wp-json\/wp\/v2\/posts\/4551","targetHints":{"allow":["GET"]}}],"collection":[{"href":"https:\/\/fdp-porta.de\/FDP\/wp-json\/wp\/v2\/posts"}],"about":[{"href":"https:\/\/fdp-porta.de\/FDP\/wp-json\/wp\/v2\/types\/post"}],"author":[{"embeddable":true,"href":"https:\/\/fdp-porta.de\/FDP\/wp-json\/wp\/v2\/users\/5"}],"replies":[{"embeddable":true,"href":"https:\/\/fdp-porta.de\/FDP\/wp-json\/wp\/v2\/comments?post=4551"}],"version-history":[{"count":2,"href":"https:\/\/fdp-porta.de\/FDP\/wp-json\/wp\/v2\/posts\/4551\/revisions"}],"predecessor-version":[{"id":4557,"href":"https:\/\/fdp-porta.de\/FDP\/wp-json\/wp\/v2\/posts\/4551\/revisions\/4557"}],"wp:attachment":[{"href":"https:\/\/fdp-porta.de\/FDP\/wp-json\/wp\/v2\/media?parent=4551"}],"wp:term":[{"taxonomy":"category","embeddable":true,"href":"https:\/\/fdp-porta.de\/FDP\/wp-json\/wp\/v2\/categories?post=4551"},{"taxonomy":"post_tag","embeddable":true,"href":"https:\/\/fdp-porta.de\/FDP\/wp-json\/wp\/v2\/tags?post=4551"}],"curies":[{"name":"wp","href":"https:\/\/api.w.org\/{rel}","templated":true}]}}