{"id":4540,"date":"2022-03-28T15:14:04","date_gmt":"2022-03-28T13:14:04","guid":{"rendered":"https:\/\/fdp-porta.de\/FDP\/?p=4540"},"modified":"2022-03-28T15:20:53","modified_gmt":"2022-03-28T13:20:53","slug":"daniel-beihl-chancen-wachsen-im-kindergarten","status":"publish","type":"post","link":"https:\/\/fdp-porta.de\/FDP\/daniel-beihl-chancen-wachsen-im-kindergarten\/","title":{"rendered":"Daniel Beihl: Chancen wachsen im Kindergarten!"},"content":{"rendered":"\n<div class=\"wp-block-image\"><figure class=\"aligncenter size-large is-resized\"><a href=\"https:\/\/fdp-porta.de\/FDP\/wp-content\/uploads\/2022\/03\/WhatsApp-Image-2022-03-28-at-13.33.03.jpeg\"><img loading=\"lazy\" decoding=\"async\" src=\"https:\/\/fdp-porta.de\/FDP\/wp-content\/uploads\/2022\/03\/WhatsApp-Image-2022-03-28-at-13.33.03-819x1024.jpeg\" alt=\"\" class=\"wp-image-4541\" width=\"473\" height=\"592\" srcset=\"https:\/\/fdp-porta.de\/FDP\/wp-content\/uploads\/2022\/03\/WhatsApp-Image-2022-03-28-at-13.33.03-819x1024.jpeg 819w, https:\/\/fdp-porta.de\/FDP\/wp-content\/uploads\/2022\/03\/WhatsApp-Image-2022-03-28-at-13.33.03-240x300.jpeg 240w, https:\/\/fdp-porta.de\/FDP\/wp-content\/uploads\/2022\/03\/WhatsApp-Image-2022-03-28-at-13.33.03-768x960.jpeg 768w, https:\/\/fdp-porta.de\/FDP\/wp-content\/uploads\/2022\/03\/WhatsApp-Image-2022-03-28-at-13.33.03.jpeg 1080w\" sizes=\"auto, (max-width: 473px) 100vw, 473px\" \/><\/a><\/figure><\/div>\n\n\n\n<p><strong>Chancen wachsen im Kindergarten!<\/strong> &#x1f9d2;&#x1f3fc;&#x1f6b8;<\/p>\n\n\n\n<p>Einen Kitaplatz zu finden, muss das Einfachste der Welt sein. Wir wollen Familien durch noch mehr beitragsfreie Jahre entlasten. Unser Anspruch: Den Kleinsten einen Top-Start mit bester Betreuung geben. Daf\u00fcr wollen wir f\u00fcr mehr Flexibilit\u00e4t bei den \u00d6ffnungszeiten sorgen und dabei besonders die Angebote in den Randzeiten ausbauen. Kita-\u00d6ffnungszeiten m\u00fcssen flexibel sein, um echte Vereinbarkeit von Familie und Beruf zu gew\u00e4hrleisten. Dazu braucht es auch zus\u00e4tzliches Personal in der Kinderbetreuung, um die Qualit\u00e4t der Kinderbetreuung nachhaltig zu verbessern und Personal zu entlasten.<br>Insbesondere Kinder aus sozial schwierigem Umfeld haben aufgrund fehlender Unterst\u00fctzung oft schlechtere Bildungschancen. Die plusKITAS sollen die Potenziale dieser Kinder noch gezielter f\u00f6rdern und so f\u00fcr mehr Bildungs- und Chancengerechtigkeit f\u00fcr alle Kinder von Beginn an sorgen. &#x1f468;&#x200d;&#x1f469;&#x200d;&#x1f467;&#x200d;&#x1f466;&#x1f37c;<\/p>\n","protected":false},"excerpt":{"rendered":"<p>Chancen wachsen im Kindergarten! &#x1f9d2;&#x1f3fc;&#x1f6b8; Einen Kitaplatz zu finden, muss das Einfachste der Welt sein. Wir wollen Familien durch noch mehr beitragsfreie Jahre entlasten. Unser Anspruch: Den Kleinsten einen Top-Start mit bester Betreuung geben. Daf\u00fcr wollen wir f\u00fcr mehr Flexibilit\u00e4t bei den \u00d6ffnungszeiten sorgen und dabei besonders die Angebote in den Randzeiten ausbauen. Kita-\u00d6ffnungszeiten m\u00fcssen [&hellip;]<\/p>\n","protected":false},"author":5,"featured_media":0,"comment_status":"closed","ping_status":"closed","sticky":false,"template":"","format":"standard","meta":{"footnotes":""},"categories":[1,13],"tags":[],"class_list":["post-4540","post","type-post","status-publish","format-standard","hentry","category-allgemein","category-fdp-porta-westfalica-aktuell"],"featured_image_src":null,"author_info":{"display_name":"Thomas Sch\u00fcrstedt","author_link":"https:\/\/fdp-porta.de\/FDP\/author\/tscynux-de\/"},"_links":{"self":[{"href":"https:\/\/fdp-porta.de\/FDP\/wp-json\/wp\/v2\/posts\/4540","targetHints":{"allow":["GET"]}}],"collection":[{"href":"https:\/\/fdp-porta.de\/FDP\/wp-json\/wp\/v2\/posts"}],"about":[{"href":"https:\/\/fdp-porta.de\/FDP\/wp-json\/wp\/v2\/types\/post"}],"author":[{"embeddable":true,"href":"https:\/\/fdp-porta.de\/FDP\/wp-json\/wp\/v2\/users\/5"}],"replies":[{"embeddable":true,"href":"https:\/\/fdp-porta.de\/FDP\/wp-json\/wp\/v2\/comments?post=4540"}],"version-history":[{"count":2,"href":"https:\/\/fdp-porta.de\/FDP\/wp-json\/wp\/v2\/posts\/4540\/revisions"}],"predecessor-version":[{"id":4543,"href":"https:\/\/fdp-porta.de\/FDP\/wp-json\/wp\/v2\/posts\/4540\/revisions\/4543"}],"wp:attachment":[{"href":"https:\/\/fdp-porta.de\/FDP\/wp-json\/wp\/v2\/media?parent=4540"}],"wp:term":[{"taxonomy":"category","embeddable":true,"href":"https:\/\/fdp-porta.de\/FDP\/wp-json\/wp\/v2\/categories?post=4540"},{"taxonomy":"post_tag","embeddable":true,"href":"https:\/\/fdp-porta.de\/FDP\/wp-json\/wp\/v2\/tags?post=4540"}],"curies":[{"name":"wp","href":"https:\/\/api.w.org\/{rel}","templated":true}]}}