{"id":4536,"date":"2022-03-26T07:28:00","date_gmt":"2022-03-26T06:28:00","guid":{"rendered":"https:\/\/fdp-porta.de\/FDP\/?p=4536"},"modified":"2022-03-26T07:28:17","modified_gmt":"2022-03-26T06:28:17","slug":"daniela-beihl-ihre-landtagsabgeordnete-fuer-den-muehlenkreis","status":"publish","type":"post","link":"https:\/\/fdp-porta.de\/FDP\/daniela-beihl-ihre-landtagsabgeordnete-fuer-den-muehlenkreis\/","title":{"rendered":"Daniela Beihl \u2013 Ihre Landtagsabgeordnete f\u00fcr den M\u00fchlenkreis"},"content":{"rendered":"\n<div class=\"wp-block-image\"><figure class=\"aligncenter size-full is-resized\"><a href=\"https:\/\/fdp-porta.de\/FDP\/wp-content\/uploads\/2022\/03\/IMG_6808.jpeg\"><img loading=\"lazy\" decoding=\"async\" src=\"https:\/\/fdp-porta.de\/FDP\/wp-content\/uploads\/2022\/03\/IMG_6808.jpeg\" alt=\"\" class=\"wp-image-4537\" width=\"461\" height=\"436\" srcset=\"https:\/\/fdp-porta.de\/FDP\/wp-content\/uploads\/2022\/03\/IMG_6808.jpeg 833w, https:\/\/fdp-porta.de\/FDP\/wp-content\/uploads\/2022\/03\/IMG_6808-300x283.jpeg 300w, https:\/\/fdp-porta.de\/FDP\/wp-content\/uploads\/2022\/03\/IMG_6808-768x726.jpeg 768w\" sizes=\"auto, (max-width: 461px) 100vw, 461px\" \/><\/a><figcaption>Daniel Beihl MdL<\/figcaption><\/figure><\/div>\n\n\n\n<p>Ich freue mich sehr, wieder als Spitzenkandidaten der Freien Demokraten f\u00fcr den Landtag zu kandidieren. Geboren in Rahden und aufgewachsen in Espelkamp-Isenstedt sehe ich mich als waschechte Minden-L\u00fcbbeckerin, die wei\u00df vor welchen Herausforderungen wir im l\u00e4ndlichen Raum stehen. F\u00fcr all diese Belange m\u00f6chte ich mich auch im n\u00e4chsten Landtag weiter einsetzen. Zentral sind f\u00fcr mich folgende Themen:<\/p>\n\n\n\n<p><strong>Bildung<\/strong><br>Unser Nachwuchs hat alle Chancen der Welt verdient. Wir k\u00f6nnen auf kein unentdecktes Talent verzichten. Starten wir in der Kita und entlasten Familien durch noch ein weiteres beitragsfreies Kita-Jahr! Investieren wir in den Schulen in noch mehr Lehrkr\u00e4fte und moderne Ausstattung. Ein Meister muss so viel wert sein, wie ein Master \u2013 f\u00f6rdern wir jede Schulform und jeden Ausbildungs- und Lebensweg. In unserem M\u00fchlenkreis absolvieren viele junge Menschen eine Ausbildung und lege weite Wege zur\u00fcck. Um den berufschulischen Teil k\u00fcnftig ortsunabh\u00e4ngig absolvieren zu k\u00f6nnen, setze ich mich f\u00fcr Fern-Ausbildungszentren ein.<\/p>\n\n\n\n<p><strong>Verkehr<\/strong><br>Verkehr muss zu den Menschen passen. Im M\u00fchlenkreis k\u00f6nnen wir nicht auf das Auto verzichten. Ich m\u00f6chte keine Diesel- und Fahrverbote, sondern sinnvolle Alternativen und Ausweichm\u00f6glichkeiten. Bauen wir das \u00d6PNV-Streckennetz aus und erm\u00f6glichen neue Mobilit\u00e4tsformate, damit der Bus nicht nur zweimal am Tag kommt.<\/p>\n\n\n\n<p><strong>Digitalisierung<\/strong><br>Warten wir nicht auf die n\u00e4chste Pandemie um die Digitalisierung voranzutreiben. Je mehr Beh\u00f6rdeng\u00e4nge wir online erledigen k\u00f6nnen, desto schneller kommen wir voran. Schnelles Internet und eine gute Breitbandversorgung wollen wir an jeder Milchkanne. Ich m\u00f6chte gute digitale Infrastruktur f\u00fcr den M\u00fchlenkreis, damit Unternehmen sich weiter entwickeln k\u00f6nnen und wir auch im Gr\u00fcnen auf der Terrasse mit der Welt in Verbindung sind.<\/p>\n\n\n\n<p><strong>Wirtschaft und Arbeit<\/strong><br>Start-ups sind der Motor des Fortschritts. Wir wollen noch mehr Gr\u00fcndungen, vor allem im l\u00e4ndlichen Raum. Investieren wir in neue Technologien um mit Fortschritt und den besten Ideen Klimaschutz zu betreiben. Erm\u00f6glichen wir es Unternehmen leichter, voranzukommen. Daf\u00fcr braucht es weniger Regeln, fairen Wettbewerb und eine zuverl\u00e4ssige bezahlbare Energieversorgung.<\/p>\n\n\n\n<p><strong>Wohnen<\/strong><br>Werden wir ein Volk der Eigent\u00fcmer. Die F\u00f6rderung des Wohnungsbaus soll zielgenauer werden. Der Staat muss M\u00f6glichmacher sein, nicht Verhinderer. Erm\u00f6glichen wir jungen Familien den Hauskauf oder Hausbau. Das ist die beste Altersvorsorge.<\/p>\n\n\n\n<p><strong>Landwirtschaft<\/strong><br>Wir brauchen auch in Zukunft eine starke heimische Landwirtschaft. Unsere Landwirte sorgen daf\u00fcr, dass eine zuverl\u00e4ssige Versorgung mit regionalen und saisonalen Produkten sichergestellt ist. Erm\u00f6glichen wir ihnen daher eine ausk\u00f6mmliche Landwirtschaft, die Umwelt und Tierschutz in Einklang bringt, eine hohe Qualit\u00e4t f\u00fcr Verbraucherinnen und Verbraucher und erschwingliche Preise f\u00fcr gesunde Produkte gew\u00e4hrleistet.<\/p>\n\n\n\n<p>Link zu meiner Kampagnen-Seite: <a href=\"https:\/\/daniela-beihl.wahl.freie-demokraten.de\" target=\"_blank\" rel=\"noreferrer noopener\">https:\/\/daniela-beihl.wahl.freie-demokraten.de<\/a><\/p>\n","protected":false},"excerpt":{"rendered":"<p>Ich freue mich sehr, wieder als Spitzenkandidaten der Freien Demokraten f\u00fcr den Landtag zu kandidieren. Geboren in Rahden und aufgewachsen in Espelkamp-Isenstedt sehe ich mich als waschechte Minden-L\u00fcbbeckerin, die wei\u00df vor welchen Herausforderungen wir im l\u00e4ndlichen Raum stehen. F\u00fcr all diese Belange m\u00f6chte ich mich auch im n\u00e4chsten Landtag weiter einsetzen. Zentral sind f\u00fcr mich [&hellip;]<\/p>\n","protected":false},"author":5,"featured_media":0,"comment_status":"closed","ping_status":"closed","sticky":false,"template":"","format":"standard","meta":{"footnotes":""},"categories":[1,13,17],"tags":[],"class_list":["post-4536","post","type-post","status-publish","format-standard","hentry","category-allgemein","category-fdp-porta-westfalica-aktuell","category-pressemitteilungen"],"featured_image_src":null,"author_info":{"display_name":"Thomas Sch\u00fcrstedt","author_link":"https:\/\/fdp-porta.de\/FDP\/author\/tscynux-de\/"},"_links":{"self":[{"href":"https:\/\/fdp-porta.de\/FDP\/wp-json\/wp\/v2\/posts\/4536","targetHints":{"allow":["GET"]}}],"collection":[{"href":"https:\/\/fdp-porta.de\/FDP\/wp-json\/wp\/v2\/posts"}],"about":[{"href":"https:\/\/fdp-porta.de\/FDP\/wp-json\/wp\/v2\/types\/post"}],"author":[{"embeddable":true,"href":"https:\/\/fdp-porta.de\/FDP\/wp-json\/wp\/v2\/users\/5"}],"replies":[{"embeddable":true,"href":"https:\/\/fdp-porta.de\/FDP\/wp-json\/wp\/v2\/comments?post=4536"}],"version-history":[{"count":1,"href":"https:\/\/fdp-porta.de\/FDP\/wp-json\/wp\/v2\/posts\/4536\/revisions"}],"predecessor-version":[{"id":4538,"href":"https:\/\/fdp-porta.de\/FDP\/wp-json\/wp\/v2\/posts\/4536\/revisions\/4538"}],"wp:attachment":[{"href":"https:\/\/fdp-porta.de\/FDP\/wp-json\/wp\/v2\/media?parent=4536"}],"wp:term":[{"taxonomy":"category","embeddable":true,"href":"https:\/\/fdp-porta.de\/FDP\/wp-json\/wp\/v2\/categories?post=4536"},{"taxonomy":"post_tag","embeddable":true,"href":"https:\/\/fdp-porta.de\/FDP\/wp-json\/wp\/v2\/tags?post=4536"}],"curies":[{"name":"wp","href":"https:\/\/api.w.org\/{rel}","templated":true}]}}