{"id":4427,"date":"2022-01-07T08:03:25","date_gmt":"2022-01-07T07:03:25","guid":{"rendered":"https:\/\/fdp-porta.de\/FDP\/?p=4427"},"modified":"2022-05-02T08:30:05","modified_gmt":"2022-05-02T06:30:05","slug":"landraetin-anna-katharina-boelling-nimmt-stellung-zu-den-vorkommnissen-am-montagabend","status":"publish","type":"post","link":"https:\/\/fdp-porta.de\/FDP\/landraetin-anna-katharina-boelling-nimmt-stellung-zu-den-vorkommnissen-am-montagabend\/","title":{"rendered":"Landr\u00e4tin Anna Katharina B\u00f6lling nimmt Stellung zu den Vorkommnissen am Montagabend"},"content":{"rendered":"\n<div class=\"wp-block-image\"><figure class=\"aligncenter size-full\"><a href=\"https:\/\/fdp-porta.de\/FDP\/wp-content\/uploads\/2022\/01\/Screenshot-2022-01-07-075549.png\"><img loading=\"lazy\" decoding=\"async\" width=\"438\" height=\"390\" src=\"https:\/\/fdp-porta.de\/FDP\/wp-content\/uploads\/2022\/01\/Screenshot-2022-01-07-075549.png\" alt=\"\" class=\"wp-image-4428\" srcset=\"https:\/\/fdp-porta.de\/FDP\/wp-content\/uploads\/2022\/01\/Screenshot-2022-01-07-075549.png 438w, https:\/\/fdp-porta.de\/FDP\/wp-content\/uploads\/2022\/01\/Screenshot-2022-01-07-075549-300x267.png 300w\" sizes=\"auto, (max-width: 438px) 100vw, 438px\" \/><\/a><figcaption>Landr\u00e4tin Anna Katharina B\u00f6lling<\/figcaption><\/figure><\/div>\n\n\n\n<p>\u201eSprach- und fassungslos&#8220;: Landr\u00e4tin \u00e4u\u00dfert sich in Videobotschaft zum Aufmarsch vor ihrem Haus. <a rel=\"noreferrer noopener\" href=\"https:\/\/www.instagram.com\/tv\/CYY-TDOJmUZ\/\" target=\"_blank\">Hier das Video auf der Instagram Seite vom Kreis Minden-L\u00fcbbecke.<\/a><\/p>\n","protected":false},"excerpt":{"rendered":"<p>\u201eSprach- und fassungslos&#8220;: Landr\u00e4tin \u00e4u\u00dfert sich in Videobotschaft zum Aufmarsch vor ihrem Haus. Hier das Video auf der Instagram Seite vom Kreis Minden-L\u00fcbbecke.<\/p>\n","protected":false},"author":5,"featured_media":0,"comment_status":"closed","ping_status":"closed","sticky":false,"template":"","format":"standard","meta":{"footnotes":""},"categories":[1,13,17],"tags":[],"class_list":["post-4427","post","type-post","status-publish","format-standard","hentry","category-allgemein","category-fdp-porta-westfalica-aktuell","category-pressemitteilungen"],"featured_image_src":null,"author_info":{"display_name":"Thomas Sch\u00fcrstedt","author_link":"https:\/\/fdp-porta.de\/FDP\/author\/tscynux-de\/"},"_links":{"self":[{"href":"https:\/\/fdp-porta.de\/FDP\/wp-json\/wp\/v2\/posts\/4427","targetHints":{"allow":["GET"]}}],"collection":[{"href":"https:\/\/fdp-porta.de\/FDP\/wp-json\/wp\/v2\/posts"}],"about":[{"href":"https:\/\/fdp-porta.de\/FDP\/wp-json\/wp\/v2\/types\/post"}],"author":[{"embeddable":true,"href":"https:\/\/fdp-porta.de\/FDP\/wp-json\/wp\/v2\/users\/5"}],"replies":[{"embeddable":true,"href":"https:\/\/fdp-porta.de\/FDP\/wp-json\/wp\/v2\/comments?post=4427"}],"version-history":[{"count":1,"href":"https:\/\/fdp-porta.de\/FDP\/wp-json\/wp\/v2\/posts\/4427\/revisions"}],"predecessor-version":[{"id":4564,"href":"https:\/\/fdp-porta.de\/FDP\/wp-json\/wp\/v2\/posts\/4427\/revisions\/4564"}],"wp:attachment":[{"href":"https:\/\/fdp-porta.de\/FDP\/wp-json\/wp\/v2\/media?parent=4427"}],"wp:term":[{"taxonomy":"category","embeddable":true,"href":"https:\/\/fdp-porta.de\/FDP\/wp-json\/wp\/v2\/categories?post=4427"},{"taxonomy":"post_tag","embeddable":true,"href":"https:\/\/fdp-porta.de\/FDP\/wp-json\/wp\/v2\/tags?post=4427"}],"curies":[{"name":"wp","href":"https:\/\/api.w.org\/{rel}","templated":true}]}}