{"id":4392,"date":"2021-11-22T11:40:19","date_gmt":"2021-11-22T10:40:19","guid":{"rendered":"https:\/\/fdp-porta.de\/FDP\/?p=4392"},"modified":"2021-11-22T11:40:20","modified_gmt":"2021-11-22T10:40:20","slug":"mehr-schulsozialarbeit-in-porta-westfalica","status":"publish","type":"post","link":"https:\/\/fdp-porta.de\/FDP\/mehr-schulsozialarbeit-in-porta-westfalica\/","title":{"rendered":"Mehr Schulsozialarbeit in Porta Westfalica"},"content":{"rendered":"\n<p>Erfreut zeigt sich die FDP-Fraktion im Rat der Stadt Porta Westfalica, dass das Land NRW weitere Mittel f\u00fcr die Schulsozialarbeit zur Verf\u00fcgung stellt.<\/p>\n\n\n\n<p><br>Oliver Liedtke: &#8222;Mit weiteren Stellen an den Grundschulen sowie am Schulzentrum S\u00fcd erfahren die Schulen eine wertvolle Unterst\u00fctzung in ihrer t\u00e4glichen Arbeit.&#8220;<\/p>\n","protected":false},"excerpt":{"rendered":"<p>Erfreut zeigt sich die FDP-Fraktion im Rat der Stadt Porta Westfalica, dass das Land NRW weitere Mittel f\u00fcr die Schulsozialarbeit zur Verf\u00fcgung stellt. Oliver Liedtke: &#8222;Mit weiteren Stellen an den Grundschulen sowie am Schulzentrum S\u00fcd erfahren die Schulen eine wertvolle Unterst\u00fctzung in ihrer t\u00e4glichen Arbeit.&#8220;<\/p>\n","protected":false},"author":5,"featured_media":0,"comment_status":"closed","ping_status":"closed","sticky":false,"template":"","format":"standard","meta":{"footnotes":""},"categories":[1,13],"tags":[],"class_list":["post-4392","post","type-post","status-publish","format-standard","hentry","category-allgemein","category-fdp-porta-westfalica-aktuell"],"featured_image_src":null,"author_info":{"display_name":"Thomas Sch\u00fcrstedt","author_link":"https:\/\/fdp-porta.de\/FDP\/author\/tscynux-de\/"},"_links":{"self":[{"href":"https:\/\/fdp-porta.de\/FDP\/wp-json\/wp\/v2\/posts\/4392","targetHints":{"allow":["GET"]}}],"collection":[{"href":"https:\/\/fdp-porta.de\/FDP\/wp-json\/wp\/v2\/posts"}],"about":[{"href":"https:\/\/fdp-porta.de\/FDP\/wp-json\/wp\/v2\/types\/post"}],"author":[{"embeddable":true,"href":"https:\/\/fdp-porta.de\/FDP\/wp-json\/wp\/v2\/users\/5"}],"replies":[{"embeddable":true,"href":"https:\/\/fdp-porta.de\/FDP\/wp-json\/wp\/v2\/comments?post=4392"}],"version-history":[{"count":0,"href":"https:\/\/fdp-porta.de\/FDP\/wp-json\/wp\/v2\/posts\/4392\/revisions"}],"wp:attachment":[{"href":"https:\/\/fdp-porta.de\/FDP\/wp-json\/wp\/v2\/media?parent=4392"}],"wp:term":[{"taxonomy":"category","embeddable":true,"href":"https:\/\/fdp-porta.de\/FDP\/wp-json\/wp\/v2\/categories?post=4392"},{"taxonomy":"post_tag","embeddable":true,"href":"https:\/\/fdp-porta.de\/FDP\/wp-json\/wp\/v2\/tags?post=4392"}],"curies":[{"name":"wp","href":"https:\/\/api.w.org\/{rel}","templated":true}]}}