{"id":4389,"date":"2021-11-22T11:24:15","date_gmt":"2021-11-22T10:24:15","guid":{"rendered":"https:\/\/fdp-porta.de\/FDP\/?p=4389"},"modified":"2021-11-22T11:24:16","modified_gmt":"2021-11-22T10:24:16","slug":"einschaetzung-zu-starkregen-unwetter-in-porta-westfalica","status":"publish","type":"post","link":"https:\/\/fdp-porta.de\/FDP\/einschaetzung-zu-starkregen-unwetter-in-porta-westfalica\/","title":{"rendered":"Einsch\u00e4tzung zu Starkregen\/Unwetter in Porta Westfalica"},"content":{"rendered":"\n<p>In diesem Sommer wurden Teile Deutschlands von verheerenden Unwettern verw\u00fcstet. Bereits unmittelbar danach hat unsere Fraktion eine Anfrage an die Verwaltung gestellt. Wir wollten wissen wie die Gefahrenlage f\u00fcr unsere Stadt beurteilt wird. Insbesondere welche zus\u00e4tzlichen Ma\u00dfnahmen sind geplant. In der Ratssitzung am 05. Oktober haben wir die Anfrage nochmals gestellt. Die Antworten liegen uns nunmehr vor.<\/p>\n\n\n\n<p><a href=\"https:\/\/fdp-porta.de\/FDP\/wp-content\/uploads\/2021\/11\/2021-10-29-Anfrage-Einschaetzung-zu-Starkregen-u.-Unwetterlage-in-Porta-Westfalica.pdf\" target=\"_blank\" rel=\"noreferrer noopener\">Hier zum direkten Download&#8230;<\/a><\/p>\n\n\n<a href=\"https:\/\/fdp-porta.de\/FDP\/wp-content\/uploads\/2021\/11\/2021-10-29-Anfrage-Einschaetzung-zu-Starkregen-u.-Unwetterlage-in-Porta-Westfalica.pdf\" class=\"pdfemb-viewer\" style=\"\" data-width=\"max\" data-height=\"max\" data-toolbar=\"both\" data-toolbar-fixed=\"on\">2021-10-29-Anfrage-Einschaetzung-zu-Starkregen-u.-Unwetterlage-in-Porta-Westfalica<\/a>\n<p class=\"wp-block-pdfemb-pdf-embedder-viewer\"><\/p>\n\n\n\n<p><\/p>\n","protected":false},"excerpt":{"rendered":"<p>In diesem Sommer wurden Teile Deutschlands von verheerenden Unwettern verw\u00fcstet. Bereits unmittelbar danach hat unsere Fraktion eine Anfrage an die Verwaltung gestellt. Wir wollten wissen wie die Gefahrenlage f\u00fcr unsere Stadt beurteilt wird. Insbesondere welche zus\u00e4tzlichen Ma\u00dfnahmen sind geplant. In der Ratssitzung am 05. Oktober haben wir die Anfrage nochmals gestellt. Die Antworten liegen uns [&hellip;]<\/p>\n","protected":false},"author":5,"featured_media":0,"comment_status":"closed","ping_status":"closed","sticky":false,"template":"","format":"standard","meta":{"footnotes":""},"categories":[1,18,13],"tags":[],"class_list":["post-4389","post","type-post","status-publish","format-standard","hentry","category-allgemein","category-antraege","category-fdp-porta-westfalica-aktuell"],"featured_image_src":null,"author_info":{"display_name":"Thomas Sch\u00fcrstedt","author_link":"https:\/\/fdp-porta.de\/FDP\/author\/tscynux-de\/"},"_links":{"self":[{"href":"https:\/\/fdp-porta.de\/FDP\/wp-json\/wp\/v2\/posts\/4389","targetHints":{"allow":["GET"]}}],"collection":[{"href":"https:\/\/fdp-porta.de\/FDP\/wp-json\/wp\/v2\/posts"}],"about":[{"href":"https:\/\/fdp-porta.de\/FDP\/wp-json\/wp\/v2\/types\/post"}],"author":[{"embeddable":true,"href":"https:\/\/fdp-porta.de\/FDP\/wp-json\/wp\/v2\/users\/5"}],"replies":[{"embeddable":true,"href":"https:\/\/fdp-porta.de\/FDP\/wp-json\/wp\/v2\/comments?post=4389"}],"version-history":[{"count":0,"href":"https:\/\/fdp-porta.de\/FDP\/wp-json\/wp\/v2\/posts\/4389\/revisions"}],"wp:attachment":[{"href":"https:\/\/fdp-porta.de\/FDP\/wp-json\/wp\/v2\/media?parent=4389"}],"wp:term":[{"taxonomy":"category","embeddable":true,"href":"https:\/\/fdp-porta.de\/FDP\/wp-json\/wp\/v2\/categories?post=4389"},{"taxonomy":"post_tag","embeddable":true,"href":"https:\/\/fdp-porta.de\/FDP\/wp-json\/wp\/v2\/tags?post=4389"}],"curies":[{"name":"wp","href":"https:\/\/api.w.org\/{rel}","templated":true}]}}