{"id":4357,"date":"2021-08-28T13:30:29","date_gmt":"2021-08-28T11:30:29","guid":{"rendered":"https:\/\/fdp-porta.de\/FDP\/?p=4357"},"modified":"2021-08-28T13:31:28","modified_gmt":"2021-08-28T11:31:28","slug":"der-sommer-polibri-ist-da","status":"publish","type":"post","link":"https:\/\/fdp-porta.de\/FDP\/der-sommer-polibri-ist-da\/","title":{"rendered":"Der neue Polibri ist da!"},"content":{"rendered":"\n<p>Liebe Freunde, Mitglieder und F\u00f6rderer der FDP Porta Westfalica,<\/p>\n\n\n\n<p>den neuen Sommer-Polibri k\u00f6nnen Sie<a href=\"https:\/\/fdp-porta.de\/FDP\/wp-content\/uploads\/2021\/08\/Polibri-Sommer-2021.pdf\" target=\"_blank\" rel=\"noreferrer noopener\"> hier herunterladen<\/a> oder unten direkt darin bl\u00e4ttern.<\/p>\n\n\n<a href=\"https:\/\/fdp-porta.de\/FDP\/wp-content\/uploads\/2021\/08\/Polibri-Sommer-2021.pdf\" class=\"pdfemb-viewer\" style=\"\" data-width=\"max\" data-height=\"max\" data-toolbar=\"both\" data-toolbar-fixed=\"on\">Polibri-Sommer-2021<\/a>\n<p class=\"wp-block-pdfemb-pdf-embedder-viewer\"><\/p>\n","protected":false},"excerpt":{"rendered":"<p>Liebe Freunde, Mitglieder und F\u00f6rderer der FDP Porta Westfalica, den neuen Sommer-Polibri k\u00f6nnen Sie hier herunterladen oder unten direkt darin bl\u00e4ttern.<\/p>\n","protected":false},"author":5,"featured_media":0,"comment_status":"closed","ping_status":"closed","sticky":false,"template":"","format":"standard","meta":{"footnotes":""},"categories":[1,13,16],"tags":[],"class_list":["post-4357","post","type-post","status-publish","format-standard","hentry","category-allgemein","category-fdp-porta-westfalica-aktuell","category-polibri-fdp-porta-westfalica-aktuell"],"featured_image_src":null,"author_info":{"display_name":"Thomas Sch\u00fcrstedt","author_link":"https:\/\/fdp-porta.de\/FDP\/author\/tscynux-de\/"},"_links":{"self":[{"href":"https:\/\/fdp-porta.de\/FDP\/wp-json\/wp\/v2\/posts\/4357","targetHints":{"allow":["GET"]}}],"collection":[{"href":"https:\/\/fdp-porta.de\/FDP\/wp-json\/wp\/v2\/posts"}],"about":[{"href":"https:\/\/fdp-porta.de\/FDP\/wp-json\/wp\/v2\/types\/post"}],"author":[{"embeddable":true,"href":"https:\/\/fdp-porta.de\/FDP\/wp-json\/wp\/v2\/users\/5"}],"replies":[{"embeddable":true,"href":"https:\/\/fdp-porta.de\/FDP\/wp-json\/wp\/v2\/comments?post=4357"}],"version-history":[{"count":0,"href":"https:\/\/fdp-porta.de\/FDP\/wp-json\/wp\/v2\/posts\/4357\/revisions"}],"wp:attachment":[{"href":"https:\/\/fdp-porta.de\/FDP\/wp-json\/wp\/v2\/media?parent=4357"}],"wp:term":[{"taxonomy":"category","embeddable":true,"href":"https:\/\/fdp-porta.de\/FDP\/wp-json\/wp\/v2\/categories?post=4357"},{"taxonomy":"post_tag","embeddable":true,"href":"https:\/\/fdp-porta.de\/FDP\/wp-json\/wp\/v2\/tags?post=4357"}],"curies":[{"name":"wp","href":"https:\/\/api.w.org\/{rel}","templated":true}]}}