{"id":4104,"date":"2021-02-02T07:00:14","date_gmt":"2021-02-02T05:00:14","guid":{"rendered":"https:\/\/fdp-porta.de\/FDP\/?p=4104"},"modified":"2021-02-02T09:16:08","modified_gmt":"2021-02-02T07:16:08","slug":"fdp-kritisiert-erneute-verzoegerung-beim-ausbau-der-ravensberger-strasse","status":"publish","type":"post","link":"https:\/\/fdp-porta.de\/FDP\/fdp-kritisiert-erneute-verzoegerung-beim-ausbau-der-ravensberger-strasse\/","title":{"rendered":"FDP kritisiert erneute Verz\u00f6gerung beim Ausbau der Ravensberger Stra\u00dfe"},"content":{"rendered":"\n<figure class=\"wp-block-gallery columns-1 is-cropped wp-block-gallery-1 is-layout-flex wp-block-gallery-is-layout-flex\"><ul class=\"blocks-gallery-grid\"><li class=\"blocks-gallery-item\"><figure><a href=\"https:\/\/fdp-porta.de\/FDP\/wp-content\/uploads\/2021\/02\/Ravensberger2-1.jpg\"><img loading=\"lazy\" decoding=\"async\" width=\"640\" height=\"424\" src=\"https:\/\/fdp-porta.de\/FDP\/wp-content\/uploads\/2021\/02\/Ravensberger2-1.jpg\" alt=\"\" data-id=\"4111\" data-full-url=\"https:\/\/fdp-porta.de\/FDP\/wp-content\/uploads\/2021\/02\/Ravensberger2-1.jpg\" data-link=\"https:\/\/fdp-porta.de\/FDP\/fdp-kritisiert-erneute-verzoegerung-beim-ausbau-der-ravensberger-strasse\/ravensberger2-1\/\" class=\"wp-image-4111\" srcset=\"https:\/\/fdp-porta.de\/FDP\/wp-content\/uploads\/2021\/02\/Ravensberger2-1.jpg 640w, https:\/\/fdp-porta.de\/FDP\/wp-content\/uploads\/2021\/02\/Ravensberger2-1-300x199.jpg 300w\" sizes=\"auto, (max-width: 640px) 100vw, 640px\" \/><\/a><figcaption class=\"blocks-gallery-item__caption\">Reinhold K\u00f6lling mit dem FDP MdB Sch\u00e4ffler bei einer Besichtigung des Ausbaugel\u00e4ndes<\/figcaption><\/figure><\/li><\/ul><\/figure>\n\n\n\n<p>Das Mindener Tageblatt berichtete am 29.1.2021 \u00fcber die Initiative unseres Fraktionsmitgliedes Reinhold K\u00f6lling, auch Ortsheimatpfleger Veltheim, f\u00fcr den dringend notwendigen Ausbau der Ravensberger Stra\u00dfe in Veltheim. Seit mehr als 40 Jahre laufen die Planungen und von Jahr zu Jahr verschiebt Stra\u00dfen.NRW den Baubeginn, Angeblich tauchen immer wieder neue Problemfelder auf.<br><br>Nachdem dem Reinhold K\u00f6lling bekannt wurde, dass es abermalige Verz\u00f6gerungen geben soll (ohne Nennung von Gr\u00fcnden) schaltete er den FDP-Landtagsabgeordneten Stephen Paul ein, der direkt im Landesverkehrsministerium die Hintergr\u00fcnde erfragte.<br><br>Er konnte recherchieren, dass zun\u00e4chst die h\u00f6here Naturschutzbeh\u00f6rde der Bezirksregierung Detmold und die untere Naturschutzbeh\u00f6rde des Kreises Minden-L\u00fcbbecke am 25.9.2018 einen Baustopp ausgesprochen hatten, da sich aktuelle Nachweise von Zauneidechsen ergeben hatten.<br><br>Inzwischen konnte mit einem Gutachten dazu die Planung angepasst werden. Daf\u00fcr muss nun wieder Baurecht erlangt werden. Zudem soll sich herausgestellt haben, dass aufgrund einer weiteren erforderlichen St\u00fctzmauer noch Grundst\u00fccksank\u00e4ufe erforderlich werden, die am Rande des Naturschutzgebietes Bokshorn liegen. Dazu sollen weitere Abstimmungen erforderlich werden. Erst dann ist ein Baubeginn realistisch.<br><br>Der Abgeordnete Stephen Paul hat gegen\u00fcber dem Verkehrsminister verdeutlicht, wie wichtig nun ein Fortschritt in dieser Sache f\u00fcr unsere Region ist.<br><br>Ortsheimatpfleger Reinhold K\u00f6lling versteht sowieso nicht, dass nach \u00fcber 40-j\u00e4hriger Planung immer wieder neue H\u00fcrden erkennbar werden. \u201eZauneidechsen z. B. sind nicht neu hinzugezogen, die wohnen da schon seit vielen Jahren,\u201c wei\u00df er als Ortskundiger zu berichten.<\/p>\n\n\n\n<figure class=\"wp-block-gallery columns-1 is-cropped wp-block-gallery-2 is-layout-flex wp-block-gallery-is-layout-flex\"><ul class=\"blocks-gallery-grid\"><li class=\"blocks-gallery-item\"><figure><a href=\"https:\/\/fdp-porta.de\/FDP\/wp-content\/uploads\/2021\/02\/Ravensberger1-1.jpg\"><img loading=\"lazy\" decoding=\"async\" width=\"640\" height=\"424\" src=\"https:\/\/fdp-porta.de\/FDP\/wp-content\/uploads\/2021\/02\/Ravensberger1-1.jpg\" alt=\"\" data-id=\"4113\" data-full-url=\"https:\/\/fdp-porta.de\/FDP\/wp-content\/uploads\/2021\/02\/Ravensberger1-1.jpg\" data-link=\"https:\/\/fdp-porta.de\/FDP\/fdp-kritisiert-erneute-verzoegerung-beim-ausbau-der-ravensberger-strasse\/ravensberger1-1\/\" class=\"wp-image-4113\" srcset=\"https:\/\/fdp-porta.de\/FDP\/wp-content\/uploads\/2021\/02\/Ravensberger1-1.jpg 640w, https:\/\/fdp-porta.de\/FDP\/wp-content\/uploads\/2021\/02\/Ravensberger1-1-300x199.jpg 300w\" sizes=\"auto, (max-width: 640px) 100vw, 640px\" \/><\/a><figcaption class=\"blocks-gallery-item__caption\">Die marode Brinkbornquelle, die im Zuge des Ausbaues saniert werden soll<\/figcaption><\/figure><\/li><\/ul><\/figure>\n","protected":false},"excerpt":{"rendered":"<p>Das Mindener Tageblatt berichtete am 29.1.2021 \u00fcber die Initiative unseres Fraktionsmitgliedes Reinhold K\u00f6lling, auch Ortsheimatpfleger Veltheim, f\u00fcr den dringend notwendigen Ausbau der Ravensberger Stra\u00dfe in Veltheim. Seit mehr als 40 Jahre laufen die Planungen und von Jahr zu Jahr verschiebt Stra\u00dfen.NRW den Baubeginn, Angeblich tauchen immer wieder neue Problemfelder auf. Nachdem dem Reinhold K\u00f6lling bekannt [&hellip;]<\/p>\n","protected":false},"author":5,"featured_media":0,"comment_status":"closed","ping_status":"closed","sticky":false,"template":"","format":"standard","meta":{"footnotes":""},"categories":[1,13,17],"tags":[],"class_list":["post-4104","post","type-post","status-publish","format-standard","hentry","category-allgemein","category-fdp-porta-westfalica-aktuell","category-pressemitteilungen"],"featured_image_src":null,"author_info":{"display_name":"Thomas Sch\u00fcrstedt","author_link":"https:\/\/fdp-porta.de\/FDP\/author\/tscynux-de\/"},"_links":{"self":[{"href":"https:\/\/fdp-porta.de\/FDP\/wp-json\/wp\/v2\/posts\/4104","targetHints":{"allow":["GET"]}}],"collection":[{"href":"https:\/\/fdp-porta.de\/FDP\/wp-json\/wp\/v2\/posts"}],"about":[{"href":"https:\/\/fdp-porta.de\/FDP\/wp-json\/wp\/v2\/types\/post"}],"author":[{"embeddable":true,"href":"https:\/\/fdp-porta.de\/FDP\/wp-json\/wp\/v2\/users\/5"}],"replies":[{"embeddable":true,"href":"https:\/\/fdp-porta.de\/FDP\/wp-json\/wp\/v2\/comments?post=4104"}],"version-history":[{"count":0,"href":"https:\/\/fdp-porta.de\/FDP\/wp-json\/wp\/v2\/posts\/4104\/revisions"}],"wp:attachment":[{"href":"https:\/\/fdp-porta.de\/FDP\/wp-json\/wp\/v2\/media?parent=4104"}],"wp:term":[{"taxonomy":"category","embeddable":true,"href":"https:\/\/fdp-porta.de\/FDP\/wp-json\/wp\/v2\/categories?post=4104"},{"taxonomy":"post_tag","embeddable":true,"href":"https:\/\/fdp-porta.de\/FDP\/wp-json\/wp\/v2\/tags?post=4104"}],"curies":[{"name":"wp","href":"https:\/\/api.w.org\/{rel}","templated":true}]}}