{"id":3836,"date":"2020-12-09T12:51:58","date_gmt":"2020-12-09T10:51:58","guid":{"rendered":"http:\/\/fdp-porta.de\/FDP\/?p=3836"},"modified":"2020-12-14T20:15:19","modified_gmt":"2020-12-14T18:15:19","slug":"antrag-der-fdp-fraktion-freiwilliger-verzicht-auf-das-diesjaehrige-sylvester-feuerwerk","status":"publish","type":"post","link":"https:\/\/fdp-porta.de\/FDP\/antrag-der-fdp-fraktion-freiwilliger-verzicht-auf-das-diesjaehrige-sylvester-feuerwerk\/","title":{"rendered":"Antrag der FDP-Fraktion: &#8222;Freiwilliger Verzicht auf das diesj\u00e4hrige Silvester-Feuerwerk&#8220;"},"content":{"rendered":"\n<p><strong>Antrag der FDP-Fraktion zum Rat am 14.12.2020<\/strong><\/p>\n\n\n\n<p><strong>Die FDP-Fraktion beantragt:<\/strong><\/p>\n\n\n\n<p>Der Rat m\u00f6ge beschlie\u00dfen, dass auf der st\u00e4dtischen Homepage und wenn m\u00f6glich auch \u00fcber Soziale Medien eine Bitte\/ Aufruf an die Portaner*innen erfolgt, dass auf freiwilliger Basis auf das diesj\u00e4hrige Silvester-Feuerwerk verzichtet wird.<\/p>\n\n\n\n<p>Dieses sollte im Interesse von Umwelt- und Tierschutz geschehen.<\/p>\n\n\n\n<p>Stattdessen w\u00e4re es eine sch\u00f6ne Idee, ebenso auf freiwilliger Basis, wenn daf\u00fcr eine Spende an kulturelle, soziale oder sportliche Einrichtungen erfolgt.<\/p>\n\n\n\n<p>Die FDP-Fraktion bittet um Unterst\u00fctzung dieses Anliegens.<\/p>\n\n\n\n<p>gez. Cornelia M\u00fcller-Dieker<br>Fraktionsvorsitzende<br>FDP-Fraktion im Rat der Stadt Porta Westfalica<\/p>\n\n\n\n<p>Oliver Liedtke<br>Ratsmitglied<\/p>\n\n\n\n<figure class=\"wp-block-image size-large\"><img loading=\"lazy\" decoding=\"async\" width=\"882\" height=\"432\" src=\"http:\/\/fdp-porta.de\/FDP\/wp-content\/uploads\/2020\/12\/Feuerwerk.jpeg\" alt=\"\" class=\"wp-image-3837\" srcset=\"https:\/\/fdp-porta.de\/FDP\/wp-content\/uploads\/2020\/12\/Feuerwerk.jpeg 882w, https:\/\/fdp-porta.de\/FDP\/wp-content\/uploads\/2020\/12\/Feuerwerk-300x147.jpeg 300w, https:\/\/fdp-porta.de\/FDP\/wp-content\/uploads\/2020\/12\/Feuerwerk-768x376.jpeg 768w, https:\/\/fdp-porta.de\/FDP\/wp-content\/uploads\/2020\/12\/Feuerwerk-619x303.jpeg 619w\" sizes=\"auto, (max-width: 882px) 100vw, 882px\" \/><\/figure>\n\n\n\n<p>&nbsp;<\/p>\n","protected":false},"excerpt":{"rendered":"<p>Antrag der FDP-Fraktion zum Rat am 14.12.2020 Die FDP-Fraktion beantragt: Der Rat m\u00f6ge beschlie\u00dfen, dass auf der st\u00e4dtischen Homepage und wenn m\u00f6glich auch \u00fcber Soziale Medien eine Bitte\/ Aufruf an die Portaner*innen erfolgt, dass auf freiwilliger Basis auf das diesj\u00e4hrige Silvester-Feuerwerk verzichtet wird. Dieses sollte im Interesse von Umwelt- und Tierschutz geschehen. Stattdessen w\u00e4re es [&hellip;]<\/p>\n","protected":false},"author":5,"featured_media":0,"comment_status":"closed","ping_status":"closed","sticky":false,"template":"","format":"standard","meta":{"footnotes":""},"categories":[1,18,13],"tags":[],"class_list":["post-3836","post","type-post","status-publish","format-standard","hentry","category-allgemein","category-antraege","category-fdp-porta-westfalica-aktuell"],"featured_image_src":null,"author_info":{"display_name":"Thomas Sch\u00fcrstedt","author_link":"https:\/\/fdp-porta.de\/FDP\/author\/tscynux-de\/"},"_links":{"self":[{"href":"https:\/\/fdp-porta.de\/FDP\/wp-json\/wp\/v2\/posts\/3836","targetHints":{"allow":["GET"]}}],"collection":[{"href":"https:\/\/fdp-porta.de\/FDP\/wp-json\/wp\/v2\/posts"}],"about":[{"href":"https:\/\/fdp-porta.de\/FDP\/wp-json\/wp\/v2\/types\/post"}],"author":[{"embeddable":true,"href":"https:\/\/fdp-porta.de\/FDP\/wp-json\/wp\/v2\/users\/5"}],"replies":[{"embeddable":true,"href":"https:\/\/fdp-porta.de\/FDP\/wp-json\/wp\/v2\/comments?post=3836"}],"version-history":[{"count":0,"href":"https:\/\/fdp-porta.de\/FDP\/wp-json\/wp\/v2\/posts\/3836\/revisions"}],"wp:attachment":[{"href":"https:\/\/fdp-porta.de\/FDP\/wp-json\/wp\/v2\/media?parent=3836"}],"wp:term":[{"taxonomy":"category","embeddable":true,"href":"https:\/\/fdp-porta.de\/FDP\/wp-json\/wp\/v2\/categories?post=3836"},{"taxonomy":"post_tag","embeddable":true,"href":"https:\/\/fdp-porta.de\/FDP\/wp-json\/wp\/v2\/tags?post=3836"}],"curies":[{"name":"wp","href":"https:\/\/api.w.org\/{rel}","templated":true}]}}