{"id":3822,"date":"2020-11-27T13:52:36","date_gmt":"2020-11-27T11:52:36","guid":{"rendered":"http:\/\/fdp-porta.de\/FDP\/?p=3822"},"modified":"2020-11-27T13:52:36","modified_gmt":"2020-11-27T11:52:36","slug":"fdp-porta-favorisiert-trassennahen-ausbau-der-bahnstrecke","status":"publish","type":"post","link":"https:\/\/fdp-porta.de\/FDP\/fdp-porta-favorisiert-trassennahen-ausbau-der-bahnstrecke\/","title":{"rendered":"FDP Porta favorisiert trassennahen Ausbau der Bahnstrecke"},"content":{"rendered":"\n<p>Im Kampf gegen die Pl\u00e4ne der Bahn hat die Portaner FDP-Fraktion mit dem Sprecher der Bigtab (B\u00fcrgerinitiative) Thomas Rippke einen Erfahrungsaustausch \u00fcber die nun vorliegenden Planungsvarianten der Bahn hinsichtlich einer neuen ICE Trasse gef\u00fchrt.<\/p>\n\n\n\n<p>Die Vorstellung, dass durch die Feldmark bei B\u00fcckeburg, durch zu bauende Tunnel durchs Wesergebirge und dann durch die s\u00fcdlichen Stadtteile von Porta Westfalica Z\u00fcge brausen, beunruhigt die liberale Fraktion. Insofern unterst\u00fctzen die Freien Demokraten Porta Westfalica die Bem\u00fchungen der Bigtab, solches auf jeden Fall zu verhindern. <\/p>\n\n\n\n<p>Sehr \u00fcberrascht zeigten sich die FDP-Politiker, dass die seitens der Bigtab favorisierte Alternative, einen trassennahen Ausbau der schon bestehenden Strecke, nicht zu den vorgeschlagenen und zu untersuchenden Varianten geh\u00f6rt. Der Sprecher der Bigtab, Thomas Rippke, schilderte sehr ausf\u00fchrlich die Vorteile dieser Variante. Die Portaner FDP-Fraktion will sich auf jeden Fall f\u00fcr diese Variante einsetzen und dazu auch die Unterst\u00fctzung  der liberalen Landes- und Bundespolitiker einfordern. <\/p>\n\n\n\n<figure class=\"wp-block-image\"><img decoding=\"async\" src=\"http:\/\/fdp-porta.de\/FDP\/wp-content\/uploads\/2020\/11\/ac73f282-19d4-4ae7-9fcf-671692bae769-150x150.jpg\" alt=\"\"\/><figcaption>Foto: Thomas Rippke (Sprecher Bigtab), FDP-Fraktionsvorsitzende Cornelia M\u00fcller-Dieker, Reinhold K\u00f6lling (FDP-Fraktion, Ortsheimatpfleger Veltheim und Kontaktperson zur Bigtab).<\/figcaption><\/figure>\n\n\n\n<p>  <\/p>\n","protected":false},"excerpt":{"rendered":"<p>Im Kampf gegen die Pl\u00e4ne der Bahn hat die Portaner FDP-Fraktion mit dem Sprecher der Bigtab (B\u00fcrgerinitiative) Thomas Rippke einen Erfahrungsaustausch \u00fcber die nun vorliegenden Planungsvarianten der Bahn hinsichtlich einer neuen ICE Trasse gef\u00fchrt. Die Vorstellung, dass durch die Feldmark bei B\u00fcckeburg, durch zu bauende Tunnel durchs Wesergebirge und dann durch die s\u00fcdlichen Stadtteile von [&hellip;]<\/p>\n","protected":false},"author":2,"featured_media":3823,"comment_status":"open","ping_status":"closed","sticky":false,"template":"","format":"standard","meta":{"footnotes":""},"categories":[1,13],"tags":[],"class_list":["post-3822","post","type-post","status-publish","format-standard","has-post-thumbnail","hentry","category-allgemein","category-fdp-porta-westfalica-aktuell"],"featured_image_src":"https:\/\/fdp-porta.de\/FDP\/wp-content\/uploads\/2020\/11\/ac73f282-19d4-4ae7-9fcf-671692bae769.jpg","author_info":{"display_name":"Reinhold K\u00f6lling","author_link":"https:\/\/fdp-porta.de\/FDP\/author\/rkoelling\/"},"_links":{"self":[{"href":"https:\/\/fdp-porta.de\/FDP\/wp-json\/wp\/v2\/posts\/3822","targetHints":{"allow":["GET"]}}],"collection":[{"href":"https:\/\/fdp-porta.de\/FDP\/wp-json\/wp\/v2\/posts"}],"about":[{"href":"https:\/\/fdp-porta.de\/FDP\/wp-json\/wp\/v2\/types\/post"}],"author":[{"embeddable":true,"href":"https:\/\/fdp-porta.de\/FDP\/wp-json\/wp\/v2\/users\/2"}],"replies":[{"embeddable":true,"href":"https:\/\/fdp-porta.de\/FDP\/wp-json\/wp\/v2\/comments?post=3822"}],"version-history":[{"count":0,"href":"https:\/\/fdp-porta.de\/FDP\/wp-json\/wp\/v2\/posts\/3822\/revisions"}],"wp:featuredmedia":[{"embeddable":true,"href":"https:\/\/fdp-porta.de\/FDP\/wp-json\/wp\/v2\/media\/3823"}],"wp:attachment":[{"href":"https:\/\/fdp-porta.de\/FDP\/wp-json\/wp\/v2\/media?parent=3822"}],"wp:term":[{"taxonomy":"category","embeddable":true,"href":"https:\/\/fdp-porta.de\/FDP\/wp-json\/wp\/v2\/categories?post=3822"},{"taxonomy":"post_tag","embeddable":true,"href":"https:\/\/fdp-porta.de\/FDP\/wp-json\/wp\/v2\/tags?post=3822"}],"curies":[{"name":"wp","href":"https:\/\/api.w.org\/{rel}","templated":true}]}}