{"id":3770,"date":"2020-10-27T08:44:07","date_gmt":"2020-10-27T06:44:07","guid":{"rendered":"http:\/\/fdp-porta.de\/FDP\/?p=3770"},"modified":"2021-01-26T19:34:25","modified_gmt":"2021-01-26T17:34:25","slug":"presseinfo-spielplatz-kwd","status":"publish","type":"post","link":"https:\/\/fdp-porta.de\/FDP\/presseinfo-spielplatz-kwd\/","title":{"rendered":"Presseinfo Spielplatz KWD"},"content":{"rendered":"\n<p>Pressemitteilung der FDP-Fraktion<\/p>\n\n\n\n<p>Die FDP Fraktion im M\u00fchlenkreis und die Portaner Ratsfraktion der Freien Demokraten appellieren an den Naturschutzbeirates des Kreises in seiner<\/p>\n\n\n\n<p>Sitzung am Dienstag dem Bau einer Kinderaktionsfl\u00e4che am Kaiser-Wilhelm-Denkmal zuzustimmen.<\/p>\n\n\n\n<p>Wie das MT berichtet, hat sich der Naturschutzbeirat in seiner letzten Sitzung erstaunlicherweise nicht zu einem positiven Votum durchringen k\u00f6nnen. Dieses f\u00fchrt\u00a0 bei den Liberalen zu Unverst\u00e4ndnis.<\/p>\n\n\n\n<p>Wer oft am Kaiser-Wilhelm-Denkmal ist, wei\u00df, welch tolles Erlebnis das neugeschaffene Areal dort ist, so Susanne Engelking, Portaner Kreistagsmitglied.<\/p>\n\n\n\n<p>Aber leider gibt es dort wenig Erlebbares f\u00fcr Kinder. Deshalb war man froh \u00fcber die Nachricht, dass der LWL dort einen Kinderspielplatz mit finanzieller Unterst\u00fctzung der NRW Stiftung errichten will.<\/p>\n\n\n\n<p>Dieses ist ein weiteres Geschenk f\u00fcr unsere Region, so Cornelia M\u00fcller-Dieker,<\/p>\n\n\n\n<p>FDP-Fraktionsvorsitzende im Rat der Stadt, welches wir nicht durch fehlende Beschl\u00fcsse gef\u00e4hrden d\u00fcrfen. Dann k\u00f6nnten wohlm\u00f6glich zugesagte F\u00f6rdergelder nicht mehr fristgerecht abgerufen werden.<\/p>\n\n\n\n<p>Das Denkmal muss attraktiv bleiben, damit sich die Besucherzahlen auch im dritten Jahr nach der Neuer\u00f6ffnung auf einem guten Niveau stabilisieren.<\/p>\n\n\n\n<figure class=\"wp-block-image is-resized\"><img loading=\"lazy\" decoding=\"async\" src=\"http:\/\/fdp-porta.de\/FDP\/wp-content\/uploads\/2014\/02\/Variante7-150x150.jpg\" alt=\"\" width=\"204\" height=\"204\"\/><\/figure>\n\n\n\n<p>Aber auch f\u00fcr die Menschen in unserer Stadt, ob Gro\u00df oder Klein, ist ein Ausflug zum Kaiser immer wieder eine Bereicherung.<\/p>\n","protected":false},"excerpt":{"rendered":"<p>Pressemitteilung der FDP-Fraktion Die FDP Fraktion im M\u00fchlenkreis und die Portaner Ratsfraktion der Freien Demokraten appellieren an den Naturschutzbeirates des Kreises in seiner Sitzung am Dienstag dem Bau einer Kinderaktionsfl\u00e4che am Kaiser-Wilhelm-Denkmal zuzustimmen. Wie das MT berichtet, hat sich der Naturschutzbeirat in seiner letzten Sitzung erstaunlicherweise nicht zu einem positiven Votum durchringen k\u00f6nnen. Dieses f\u00fchrt\u00a0 [&hellip;]<\/p>\n","protected":false},"author":2,"featured_media":1420,"comment_status":"closed","ping_status":"closed","sticky":false,"template":"","format":"standard","meta":{"footnotes":""},"categories":[1,13,17],"tags":[],"class_list":["post-3770","post","type-post","status-publish","format-standard","has-post-thumbnail","hentry","category-allgemein","category-fdp-porta-westfalica-aktuell","category-pressemitteilungen"],"featured_image_src":"https:\/\/fdp-porta.de\/FDP\/wp-content\/uploads\/2014\/02\/Variante7.jpg","author_info":{"display_name":"Reinhold K\u00f6lling","author_link":"https:\/\/fdp-porta.de\/FDP\/author\/rkoelling\/"},"_links":{"self":[{"href":"https:\/\/fdp-porta.de\/FDP\/wp-json\/wp\/v2\/posts\/3770","targetHints":{"allow":["GET"]}}],"collection":[{"href":"https:\/\/fdp-porta.de\/FDP\/wp-json\/wp\/v2\/posts"}],"about":[{"href":"https:\/\/fdp-porta.de\/FDP\/wp-json\/wp\/v2\/types\/post"}],"author":[{"embeddable":true,"href":"https:\/\/fdp-porta.de\/FDP\/wp-json\/wp\/v2\/users\/2"}],"replies":[{"embeddable":true,"href":"https:\/\/fdp-porta.de\/FDP\/wp-json\/wp\/v2\/comments?post=3770"}],"version-history":[{"count":0,"href":"https:\/\/fdp-porta.de\/FDP\/wp-json\/wp\/v2\/posts\/3770\/revisions"}],"wp:featuredmedia":[{"embeddable":true,"href":"https:\/\/fdp-porta.de\/FDP\/wp-json\/wp\/v2\/media\/1420"}],"wp:attachment":[{"href":"https:\/\/fdp-porta.de\/FDP\/wp-json\/wp\/v2\/media?parent=3770"}],"wp:term":[{"taxonomy":"category","embeddable":true,"href":"https:\/\/fdp-porta.de\/FDP\/wp-json\/wp\/v2\/categories?post=3770"},{"taxonomy":"post_tag","embeddable":true,"href":"https:\/\/fdp-porta.de\/FDP\/wp-json\/wp\/v2\/tags?post=3770"}],"curies":[{"name":"wp","href":"https:\/\/api.w.org\/{rel}","templated":true}]}}