{"id":3767,"date":"2020-10-07T17:15:30","date_gmt":"2020-10-07T15:15:30","guid":{"rendered":"http:\/\/fdp-porta.de\/FDP\/?p=3767"},"modified":"2021-01-26T19:34:34","modified_gmt":"2021-01-26T17:34:34","slug":"fraktionswahlen","status":"publish","type":"post","link":"https:\/\/fdp-porta.de\/FDP\/fraktionswahlen\/","title":{"rendered":"Fraktionswahlen"},"content":{"rendered":"\n<p><strong>Pressemitteilung der FDP-Fraktion<\/strong><\/p>\n\n\n\n<p>Die FDP -Fraktion traf sich in der ersten Sitzung nach der Kommunalwahl, um das Ergebnis zu analysieren, und das Fraktionsstatut zu verabschieden. Unter dem Vorsitz vom Stadtverbandsvorsitzenden Martin Bierwirth fanden die Wahlen zum Fraktionsvorstand statt.<\/p>\n\n\n\n<p>Gew\u00e4hlt wurde einstimmig Cornelia M\u00fcller-Dieker erneut zur Fraktionsvorsitzenden, Stellvertreter ist Dirk\u00a0Neitmann.<\/p>\n\n\n\n<p>Im Anschluss fand eine Aussprache zum Wahlergebnis und zur k\u00fcnftigen Ausrichtung der Fraktionsarbeit statt.<\/p>\n\n\n\n<p>Das Wahlergebnis sei zufriedenstellend gewesen, so M\u00fcller-Dieker. Die Liberalen haben drei Mandate gehalten, obwohl der Wahlzettel doppelt so lang gewesen sei, wie bei der Kommunalwahl 2014 und der Rat sich verkleinert habe.<\/p>\n\n\n\n<p>Aufgrund der schwierigen Mehrheitsverh\u00e4ltnisse zeigen sich die Freien Demokraten offen f\u00fcr Gespr\u00e4che mit allen demokratischen Fraktionen, um punktuell bei Sachthemen oder Antr\u00e4gen projektbezogen Mehrheiten zu finden.<\/p>\n\n\n\n<p>Die FDP ist der \u00dcberzeugung, dass es durch knappere Mehrheitsverh\u00e4ltnisse eine neue Kultur des Miteinanders und der Gespr\u00e4chsbereitschaft im neuen Rat geben wird.<\/p>\n","protected":false},"excerpt":{"rendered":"<p>Pressemitteilung der FDP-Fraktion Die FDP -Fraktion traf sich in der ersten Sitzung nach der Kommunalwahl, um das Ergebnis zu analysieren, und das Fraktionsstatut zu verabschieden. Unter dem Vorsitz vom Stadtverbandsvorsitzenden Martin Bierwirth fanden die Wahlen zum Fraktionsvorstand statt. Gew\u00e4hlt wurde einstimmig Cornelia M\u00fcller-Dieker erneut zur Fraktionsvorsitzenden, Stellvertreter ist Dirk\u00a0Neitmann. Im Anschluss fand eine Aussprache zum [&hellip;]<\/p>\n","protected":false},"author":2,"featured_media":0,"comment_status":"open","ping_status":"closed","sticky":false,"template":"","format":"standard","meta":{"footnotes":""},"categories":[1,13,17],"tags":[],"class_list":["post-3767","post","type-post","status-publish","format-standard","hentry","category-allgemein","category-fdp-porta-westfalica-aktuell","category-pressemitteilungen"],"featured_image_src":null,"author_info":{"display_name":"Reinhold K\u00f6lling","author_link":"https:\/\/fdp-porta.de\/FDP\/author\/rkoelling\/"},"_links":{"self":[{"href":"https:\/\/fdp-porta.de\/FDP\/wp-json\/wp\/v2\/posts\/3767","targetHints":{"allow":["GET"]}}],"collection":[{"href":"https:\/\/fdp-porta.de\/FDP\/wp-json\/wp\/v2\/posts"}],"about":[{"href":"https:\/\/fdp-porta.de\/FDP\/wp-json\/wp\/v2\/types\/post"}],"author":[{"embeddable":true,"href":"https:\/\/fdp-porta.de\/FDP\/wp-json\/wp\/v2\/users\/2"}],"replies":[{"embeddable":true,"href":"https:\/\/fdp-porta.de\/FDP\/wp-json\/wp\/v2\/comments?post=3767"}],"version-history":[{"count":0,"href":"https:\/\/fdp-porta.de\/FDP\/wp-json\/wp\/v2\/posts\/3767\/revisions"}],"wp:attachment":[{"href":"https:\/\/fdp-porta.de\/FDP\/wp-json\/wp\/v2\/media?parent=3767"}],"wp:term":[{"taxonomy":"category","embeddable":true,"href":"https:\/\/fdp-porta.de\/FDP\/wp-json\/wp\/v2\/categories?post=3767"},{"taxonomy":"post_tag","embeddable":true,"href":"https:\/\/fdp-porta.de\/FDP\/wp-json\/wp\/v2\/tags?post=3767"}],"curies":[{"name":"wp","href":"https:\/\/api.w.org\/{rel}","templated":true}]}}