{"id":3735,"date":"2020-08-30T10:32:21","date_gmt":"2020-08-30T08:32:21","guid":{"rendered":"http:\/\/fdp-porta.de\/FDP\/?p=3735"},"modified":"2020-08-30T10:32:21","modified_gmt":"2020-08-30T08:32:21","slug":"gute-gespraeche-in-veltheim","status":"publish","type":"post","link":"https:\/\/fdp-porta.de\/FDP\/gute-gespraeche-in-veltheim\/","title":{"rendered":"Gute Gespr\u00e4che in Veltheim"},"content":{"rendered":"\n<figure class=\"wp-block-image\"><img decoding=\"async\" src=\"http:\/\/fdp-porta.de\/FDP\/wp-content\/uploads\/2020\/08\/5bc37237-29d4-47f6-9a8e-87b41c87b2d4-150x150.jpg\" alt=\"\"\/><\/figure>\n\n\n\n<p>Gute Gespr\u00e4che in Veltheim! Zusammen mit der B\u00fcrgermeisterkandidatin Dr. Sonja Gerlach besuchten Cornelia M\u00fcller-Dieker, Rolf Tebbe und Reinhold K\u00f6lling zun\u00e4chst die Bauma\u00dfnahme des Kochclubs &#8222;Chuchi&#8220; in Veltheim und freuten sich \u00fcber das ehrenamtliche Engagement des Vereins. Reinhold K\u00f6lling: &#8222;Wir sind froh, dass der Kochclub ihr Domizil in Veltheim gefunden hat und damit auch ein Leerstand beseitigt ist.&#8220; Danach machte sich die Gruppe ein Bild vom Stand der Toilettensanierung an der Grundschule. Bekanntlich hatte ja die B\u00fcrgerinitiative mit Unterst\u00fctzung der FDP-Fraktion f\u00fcr den Erhalt der Grundschule durch den B\u00fcrgerentscheid im Ort gesorgt und die Sanierung der Toiletten angetrieben.<\/p>\n","protected":false},"excerpt":{"rendered":"<p>Gute Gespr\u00e4che in Veltheim! Zusammen mit der B\u00fcrgermeisterkandidatin Dr. Sonja Gerlach besuchten Cornelia M\u00fcller-Dieker, Rolf Tebbe und Reinhold K\u00f6lling zun\u00e4chst die Bauma\u00dfnahme des Kochclubs &#8222;Chuchi&#8220; in Veltheim und freuten sich \u00fcber das ehrenamtliche Engagement des Vereins. Reinhold K\u00f6lling: &#8222;Wir sind froh, dass der Kochclub ihr Domizil in Veltheim gefunden hat und damit auch ein Leerstand [&hellip;]<\/p>\n","protected":false},"author":2,"featured_media":3736,"comment_status":"open","ping_status":"closed","sticky":false,"template":"","format":"standard","meta":{"footnotes":""},"categories":[1,13],"tags":[],"class_list":["post-3735","post","type-post","status-publish","format-standard","has-post-thumbnail","hentry","category-allgemein","category-fdp-porta-westfalica-aktuell"],"featured_image_src":"https:\/\/fdp-porta.de\/FDP\/wp-content\/uploads\/2020\/08\/5bc37237-29d4-47f6-9a8e-87b41c87b2d4.jpg","author_info":{"display_name":"Reinhold K\u00f6lling","author_link":"https:\/\/fdp-porta.de\/FDP\/author\/rkoelling\/"},"_links":{"self":[{"href":"https:\/\/fdp-porta.de\/FDP\/wp-json\/wp\/v2\/posts\/3735","targetHints":{"allow":["GET"]}}],"collection":[{"href":"https:\/\/fdp-porta.de\/FDP\/wp-json\/wp\/v2\/posts"}],"about":[{"href":"https:\/\/fdp-porta.de\/FDP\/wp-json\/wp\/v2\/types\/post"}],"author":[{"embeddable":true,"href":"https:\/\/fdp-porta.de\/FDP\/wp-json\/wp\/v2\/users\/2"}],"replies":[{"embeddable":true,"href":"https:\/\/fdp-porta.de\/FDP\/wp-json\/wp\/v2\/comments?post=3735"}],"version-history":[{"count":0,"href":"https:\/\/fdp-porta.de\/FDP\/wp-json\/wp\/v2\/posts\/3735\/revisions"}],"wp:featuredmedia":[{"embeddable":true,"href":"https:\/\/fdp-porta.de\/FDP\/wp-json\/wp\/v2\/media\/3736"}],"wp:attachment":[{"href":"https:\/\/fdp-porta.de\/FDP\/wp-json\/wp\/v2\/media?parent=3735"}],"wp:term":[{"taxonomy":"category","embeddable":true,"href":"https:\/\/fdp-porta.de\/FDP\/wp-json\/wp\/v2\/categories?post=3735"},{"taxonomy":"post_tag","embeddable":true,"href":"https:\/\/fdp-porta.de\/FDP\/wp-json\/wp\/v2\/tags?post=3735"}],"curies":[{"name":"wp","href":"https:\/\/api.w.org\/{rel}","templated":true}]}}