{"id":3720,"date":"2020-08-17T18:10:54","date_gmt":"2020-08-17T16:10:54","guid":{"rendered":"http:\/\/fdp-porta.de\/FDP\/?p=3720"},"modified":"2020-08-17T18:10:54","modified_gmt":"2020-08-17T16:10:54","slug":"firmenbesuch","status":"publish","type":"post","link":"https:\/\/fdp-porta.de\/FDP\/firmenbesuch\/","title":{"rendered":"Firmenbesuch"},"content":{"rendered":"\n<figure class=\"wp-block-image\"><img decoding=\"async\" src=\"http:\/\/fdp-porta.de\/FDP\/wp-content\/uploads\/2020\/08\/118b5c24-8d9c-49ff-99fb-327dc32fe26e-150x150.jpg\" alt=\"\"\/><\/figure>\n\n\n\n<p>Rolf Tebbe und Klaus-Dieter Hinz, Wahlkreiskandidaten der FDP-Porta, besuchten die Fa. Julmi, den Garten-Fachh\u00e4ndler in Porta Westfalica, um zusammen mit der B\u00fcrgermeisterkandidatin Dr. Sonja Gerlach das Unternehmen noch n\u00e4her kennen zu lernen. Dabei waren von der CDU Florian Staab und Jan Herrend\u00f6rfer. Firmenchef Andreas Julmi stellte den Betrieb mit dem umfangreichen Warensortiment vor. Bei der Betriebsbesichtigung wurden auch die sonstigen, umfangreichen Serviceleistungen des Unternehmen pr\u00e4sentiert.<\/p>\n","protected":false},"excerpt":{"rendered":"<p>Rolf Tebbe und Klaus-Dieter Hinz, Wahlkreiskandidaten der FDP-Porta, besuchten die Fa. Julmi, den Garten-Fachh\u00e4ndler in Porta Westfalica, um zusammen mit der B\u00fcrgermeisterkandidatin Dr. Sonja Gerlach das Unternehmen noch n\u00e4her kennen zu lernen. Dabei waren von der CDU Florian Staab und Jan Herrend\u00f6rfer. Firmenchef Andreas Julmi stellte den Betrieb mit dem umfangreichen Warensortiment vor. Bei der [&hellip;]<\/p>\n","protected":false},"author":2,"featured_media":3721,"comment_status":"closed","ping_status":"closed","sticky":false,"template":"","format":"standard","meta":{"footnotes":""},"categories":[1,13],"tags":[],"class_list":["post-3720","post","type-post","status-publish","format-standard","has-post-thumbnail","hentry","category-allgemein","category-fdp-porta-westfalica-aktuell"],"featured_image_src":"https:\/\/fdp-porta.de\/FDP\/wp-content\/uploads\/2020\/08\/118b5c24-8d9c-49ff-99fb-327dc32fe26e.jpg","author_info":{"display_name":"Reinhold K\u00f6lling","author_link":"https:\/\/fdp-porta.de\/FDP\/author\/rkoelling\/"},"_links":{"self":[{"href":"https:\/\/fdp-porta.de\/FDP\/wp-json\/wp\/v2\/posts\/3720","targetHints":{"allow":["GET"]}}],"collection":[{"href":"https:\/\/fdp-porta.de\/FDP\/wp-json\/wp\/v2\/posts"}],"about":[{"href":"https:\/\/fdp-porta.de\/FDP\/wp-json\/wp\/v2\/types\/post"}],"author":[{"embeddable":true,"href":"https:\/\/fdp-porta.de\/FDP\/wp-json\/wp\/v2\/users\/2"}],"replies":[{"embeddable":true,"href":"https:\/\/fdp-porta.de\/FDP\/wp-json\/wp\/v2\/comments?post=3720"}],"version-history":[{"count":0,"href":"https:\/\/fdp-porta.de\/FDP\/wp-json\/wp\/v2\/posts\/3720\/revisions"}],"wp:featuredmedia":[{"embeddable":true,"href":"https:\/\/fdp-porta.de\/FDP\/wp-json\/wp\/v2\/media\/3721"}],"wp:attachment":[{"href":"https:\/\/fdp-porta.de\/FDP\/wp-json\/wp\/v2\/media?parent=3720"}],"wp:term":[{"taxonomy":"category","embeddable":true,"href":"https:\/\/fdp-porta.de\/FDP\/wp-json\/wp\/v2\/categories?post=3720"},{"taxonomy":"post_tag","embeddable":true,"href":"https:\/\/fdp-porta.de\/FDP\/wp-json\/wp\/v2\/tags?post=3720"}],"curies":[{"name":"wp","href":"https:\/\/api.w.org\/{rel}","templated":true}]}}