{"id":3714,"date":"2020-08-13T12:23:24","date_gmt":"2020-08-13T10:23:24","guid":{"rendered":"http:\/\/fdp-porta.de\/FDP\/?p=3714"},"modified":"2020-08-13T12:23:24","modified_gmt":"2020-08-13T10:23:24","slug":"besuch-bei-gehe-pharma-handel","status":"publish","type":"post","link":"https:\/\/fdp-porta.de\/FDP\/besuch-bei-gehe-pharma-handel\/","title":{"rendered":"Besuch bei GEHE Pharma Handel"},"content":{"rendered":"\n<figure class=\"wp-block-image\"><img decoding=\"async\" src=\"http:\/\/fdp-porta.de\/FDP\/wp-content\/uploads\/2020\/08\/20200813_054936-150x150.jpg\" alt=\"\"\/><\/figure>\n\n\n\n<p>Die Wahlkreiskandidaten der FDP Rolf Tebbe, Wolfgang Borchert, Klaus Dieter Hinz und Reinhold K\u00f6lling besuchten zusammen mit der B\u00fcrgermeisterkandidatin Dr. Sonja Gerlach die Niederlassung der Firma Gehe in Porta Westfalica. Vertriebsleiter Michael Mei\u00dfner, Herr Speckmann, sowie Brigitte Behnke pr\u00e4sentierten das Unternehmen und zeigten im Rahmen einer Betriebsf\u00fchrung den nahezu vollautomatisierten Ablauf des GEHE Pharma Handels auf. In der anschlie\u00dfenden Diskussion ging es auch um der Stand der Digitalisierung im deutschen Gesundheitswesen.<\/p>\n","protected":false},"excerpt":{"rendered":"<p>Die Wahlkreiskandidaten der FDP Rolf Tebbe, Wolfgang Borchert, Klaus Dieter Hinz und Reinhold K\u00f6lling besuchten zusammen mit der B\u00fcrgermeisterkandidatin Dr. Sonja Gerlach die Niederlassung der Firma Gehe in Porta Westfalica. Vertriebsleiter Michael Mei\u00dfner, Herr Speckmann, sowie Brigitte Behnke pr\u00e4sentierten das Unternehmen und zeigten im Rahmen einer Betriebsf\u00fchrung den nahezu vollautomatisierten Ablauf des GEHE Pharma Handels [&hellip;]<\/p>\n","protected":false},"author":2,"featured_media":3715,"comment_status":"closed","ping_status":"closed","sticky":false,"template":"","format":"standard","meta":{"footnotes":""},"categories":[1,13],"tags":[],"class_list":["post-3714","post","type-post","status-publish","format-standard","has-post-thumbnail","hentry","category-allgemein","category-fdp-porta-westfalica-aktuell"],"featured_image_src":"https:\/\/fdp-porta.de\/FDP\/wp-content\/uploads\/2020\/08\/20200813_054936-scaled.jpg","author_info":{"display_name":"Reinhold K\u00f6lling","author_link":"https:\/\/fdp-porta.de\/FDP\/author\/rkoelling\/"},"_links":{"self":[{"href":"https:\/\/fdp-porta.de\/FDP\/wp-json\/wp\/v2\/posts\/3714","targetHints":{"allow":["GET"]}}],"collection":[{"href":"https:\/\/fdp-porta.de\/FDP\/wp-json\/wp\/v2\/posts"}],"about":[{"href":"https:\/\/fdp-porta.de\/FDP\/wp-json\/wp\/v2\/types\/post"}],"author":[{"embeddable":true,"href":"https:\/\/fdp-porta.de\/FDP\/wp-json\/wp\/v2\/users\/2"}],"replies":[{"embeddable":true,"href":"https:\/\/fdp-porta.de\/FDP\/wp-json\/wp\/v2\/comments?post=3714"}],"version-history":[{"count":0,"href":"https:\/\/fdp-porta.de\/FDP\/wp-json\/wp\/v2\/posts\/3714\/revisions"}],"wp:featuredmedia":[{"embeddable":true,"href":"https:\/\/fdp-porta.de\/FDP\/wp-json\/wp\/v2\/media\/3715"}],"wp:attachment":[{"href":"https:\/\/fdp-porta.de\/FDP\/wp-json\/wp\/v2\/media?parent=3714"}],"wp:term":[{"taxonomy":"category","embeddable":true,"href":"https:\/\/fdp-porta.de\/FDP\/wp-json\/wp\/v2\/categories?post=3714"},{"taxonomy":"post_tag","embeddable":true,"href":"https:\/\/fdp-porta.de\/FDP\/wp-json\/wp\/v2\/tags?post=3714"}],"curies":[{"name":"wp","href":"https:\/\/api.w.org\/{rel}","templated":true}]}}