{"id":3692,"date":"2020-07-31T13:12:01","date_gmt":"2020-07-31T11:12:01","guid":{"rendered":"http:\/\/fdp-porta.de\/FDP\/?p=3692"},"modified":"2020-08-01T19:43:05","modified_gmt":"2020-08-01T17:43:05","slug":"besuch-in-der-heimatstube-veltheim","status":"publish","type":"post","link":"https:\/\/fdp-porta.de\/FDP\/besuch-in-der-heimatstube-veltheim\/","title":{"rendered":"Besuch in der Heimatstube Veltheim"},"content":{"rendered":"\r\n<figure class=\"wp-block-image\"><br \/><a href=\"http:\/\/fdp-porta.de\/FDP\/wp-content\/uploads\/2020\/07\/IMG_6144.jpg\"><img loading=\"lazy\" decoding=\"async\" class=\"aligncenter size-large wp-image-3691\" src=\"http:\/\/fdp-porta.de\/FDP\/wp-content\/uploads\/2020\/07\/IMG_6144-1024x768.jpg\" alt=\"\" width=\"660\" height=\"495\" srcset=\"https:\/\/fdp-porta.de\/FDP\/wp-content\/uploads\/2020\/07\/IMG_6144-1024x768.jpg 1024w, https:\/\/fdp-porta.de\/FDP\/wp-content\/uploads\/2020\/07\/IMG_6144-300x225.jpg 300w, https:\/\/fdp-porta.de\/FDP\/wp-content\/uploads\/2020\/07\/IMG_6144-768x576.jpg 768w, https:\/\/fdp-porta.de\/FDP\/wp-content\/uploads\/2020\/07\/IMG_6144-1536x1152.jpg 1536w, https:\/\/fdp-porta.de\/FDP\/wp-content\/uploads\/2020\/07\/IMG_6144-2048x1536.jpg 2048w, https:\/\/fdp-porta.de\/FDP\/wp-content\/uploads\/2020\/07\/IMG_6144-619x464.jpg 619w\" sizes=\"auto, (max-width: 660px) 100vw, 660px\" \/><\/a><\/figure>\r\n\r\n\r\n\r\n<p>Die B\u00fcrgermeisterkandidatin Dr. Sonja Gerlach informierte sich heute \u00fcber das Vereinsleben in Veltheim bei einem Besuch in der Heimatstube des Heimatvereins. Zugegen bei dem Gespr\u00e4ch mit dem Vorsitzenden Hans-Herbert Hawes waren Ortsheimatpfleger Reinhold K\u00f6lling und Karl-Erich Schmeding, beide auch Wahlkreiskandidaten f\u00fcr Veltheim der FDP und der CDU. Sonja Gerlach war sichtlich \u00fcberrascht \u00fcber die vielen heimatkundlichen Exponate, die der Heimatverein Veltheim in den Jahren zusammengetragen und zusammengestellt hat.<\/p>\r\n","protected":false},"excerpt":{"rendered":"<p>Die B\u00fcrgermeisterkandidatin Dr. Sonja Gerlach informierte sich heute \u00fcber das Vereinsleben in Veltheim bei einem Besuch in der Heimatstube des Heimatvereins. Zugegen bei dem Gespr\u00e4ch mit dem Vorsitzenden Hans-Herbert Hawes waren Ortsheimatpfleger Reinhold K\u00f6lling und Karl-Erich Schmeding, beide auch Wahlkreiskandidaten f\u00fcr Veltheim der FDP und der CDU. Sonja Gerlach war sichtlich \u00fcberrascht \u00fcber die vielen [&hellip;]<\/p>\n","protected":false},"author":2,"featured_media":3691,"comment_status":"closed","ping_status":"closed","sticky":false,"template":"","format":"standard","meta":{"footnotes":""},"categories":[1,13],"tags":[],"class_list":["post-3692","post","type-post","status-publish","format-standard","has-post-thumbnail","hentry","category-allgemein","category-fdp-porta-westfalica-aktuell"],"featured_image_src":"https:\/\/fdp-porta.de\/FDP\/wp-content\/uploads\/2020\/07\/IMG_6144.jpg","author_info":{"display_name":"Reinhold K\u00f6lling","author_link":"https:\/\/fdp-porta.de\/FDP\/author\/rkoelling\/"},"_links":{"self":[{"href":"https:\/\/fdp-porta.de\/FDP\/wp-json\/wp\/v2\/posts\/3692","targetHints":{"allow":["GET"]}}],"collection":[{"href":"https:\/\/fdp-porta.de\/FDP\/wp-json\/wp\/v2\/posts"}],"about":[{"href":"https:\/\/fdp-porta.de\/FDP\/wp-json\/wp\/v2\/types\/post"}],"author":[{"embeddable":true,"href":"https:\/\/fdp-porta.de\/FDP\/wp-json\/wp\/v2\/users\/2"}],"replies":[{"embeddable":true,"href":"https:\/\/fdp-porta.de\/FDP\/wp-json\/wp\/v2\/comments?post=3692"}],"version-history":[{"count":0,"href":"https:\/\/fdp-porta.de\/FDP\/wp-json\/wp\/v2\/posts\/3692\/revisions"}],"wp:featuredmedia":[{"embeddable":true,"href":"https:\/\/fdp-porta.de\/FDP\/wp-json\/wp\/v2\/media\/3691"}],"wp:attachment":[{"href":"https:\/\/fdp-porta.de\/FDP\/wp-json\/wp\/v2\/media?parent=3692"}],"wp:term":[{"taxonomy":"category","embeddable":true,"href":"https:\/\/fdp-porta.de\/FDP\/wp-json\/wp\/v2\/categories?post=3692"},{"taxonomy":"post_tag","embeddable":true,"href":"https:\/\/fdp-porta.de\/FDP\/wp-json\/wp\/v2\/tags?post=3692"}],"curies":[{"name":"wp","href":"https:\/\/api.w.org\/{rel}","templated":true}]}}