{"id":3668,"date":"2020-07-27T22:19:10","date_gmt":"2020-07-27T20:19:10","guid":{"rendered":"http:\/\/fdp-porta.de\/FDP\/?p=3668"},"modified":"2020-08-01T19:44:15","modified_gmt":"2020-08-01T17:44:15","slug":"in-barkhausen-unterwegs","status":"publish","type":"post","link":"https:\/\/fdp-porta.de\/FDP\/in-barkhausen-unterwegs\/","title":{"rendered":"In Barkhausen unterwegs"},"content":{"rendered":"\r\n<figure class=\"wp-block-image is-resized\"><br \/><a href=\"http:\/\/fdp-porta.de\/FDP\/wp-content\/uploads\/2020\/07\/90EA827B-3BA1-4AB7-BD56-907829B10338.jpeg\"><img loading=\"lazy\" decoding=\"async\" class=\"aligncenter size-large wp-image-3670\" src=\"http:\/\/fdp-porta.de\/FDP\/wp-content\/uploads\/2020\/07\/90EA827B-3BA1-4AB7-BD56-907829B10338-1024x497.jpeg\" alt=\"\" width=\"660\" height=\"320\" srcset=\"https:\/\/fdp-porta.de\/FDP\/wp-content\/uploads\/2020\/07\/90EA827B-3BA1-4AB7-BD56-907829B10338-1024x497.jpeg 1024w, https:\/\/fdp-porta.de\/FDP\/wp-content\/uploads\/2020\/07\/90EA827B-3BA1-4AB7-BD56-907829B10338-300x146.jpeg 300w, https:\/\/fdp-porta.de\/FDP\/wp-content\/uploads\/2020\/07\/90EA827B-3BA1-4AB7-BD56-907829B10338-768x373.jpeg 768w, https:\/\/fdp-porta.de\/FDP\/wp-content\/uploads\/2020\/07\/90EA827B-3BA1-4AB7-BD56-907829B10338-1536x746.jpeg 1536w, https:\/\/fdp-porta.de\/FDP\/wp-content\/uploads\/2020\/07\/90EA827B-3BA1-4AB7-BD56-907829B10338-619x301.jpeg 619w, https:\/\/fdp-porta.de\/FDP\/wp-content\/uploads\/2020\/07\/90EA827B-3BA1-4AB7-BD56-907829B10338.jpeg 1600w\" sizes=\"auto, (max-width: 660px) 100vw, 660px\" \/><\/a><\/figure>\r\n\r\n\r\n\r\n<p>Fraktionsvorsitzende Cornelia M\u00fcller-Dieker und Michael Reinhardt, die beiden FDP-Kandidaten f\u00fcr Barkhausen, stellen B\u00fcrgermeisterkandidatin Sonja Gerlach ihre Ideen f\u00fcr die weitere Entwicklung des Wesertreffs zu einem Mehrgenerationenplatz vor.<br \/>Die FDP wird sich hier f\u00fcr weitere Spielger\u00e4te, eine Boulebahn, ein Schachfeld, sowie Fitnessger\u00e4te f\u00fcr Senioren einsetzen.<br \/>Dieser tolle Platz mit einer traumhaften Sicht auf das Kaiser-Wilhelm-Denkmal, hat soviel Potential. Das m\u00f6chten wir in der kommenden Wahlperiode voranbringen, so die beiden Kandidaten. Denn Porta kann mehr!<\/p>\r\n","protected":false},"excerpt":{"rendered":"<p>Fraktionsvorsitzende Cornelia M\u00fcller-Dieker und Michael Reinhardt, die beiden FDP-Kandidaten f\u00fcr Barkhausen, stellen B\u00fcrgermeisterkandidatin Sonja Gerlach ihre Ideen f\u00fcr die weitere Entwicklung des Wesertreffs zu einem Mehrgenerationenplatz vor.Die FDP wird sich hier f\u00fcr weitere Spielger\u00e4te, eine Boulebahn, ein Schachfeld, sowie Fitnessger\u00e4te f\u00fcr Senioren einsetzen.Dieser tolle Platz mit einer traumhaften Sicht auf das Kaiser-Wilhelm-Denkmal, hat soviel Potential. [&hellip;]<\/p>\n","protected":false},"author":2,"featured_media":3670,"comment_status":"closed","ping_status":"closed","sticky":false,"template":"","format":"standard","meta":{"footnotes":""},"categories":[1,13],"tags":[],"class_list":["post-3668","post","type-post","status-publish","format-standard","has-post-thumbnail","hentry","category-allgemein","category-fdp-porta-westfalica-aktuell"],"featured_image_src":"https:\/\/fdp-porta.de\/FDP\/wp-content\/uploads\/2020\/07\/90EA827B-3BA1-4AB7-BD56-907829B10338.jpeg","author_info":{"display_name":"Reinhold K\u00f6lling","author_link":"https:\/\/fdp-porta.de\/FDP\/author\/rkoelling\/"},"_links":{"self":[{"href":"https:\/\/fdp-porta.de\/FDP\/wp-json\/wp\/v2\/posts\/3668","targetHints":{"allow":["GET"]}}],"collection":[{"href":"https:\/\/fdp-porta.de\/FDP\/wp-json\/wp\/v2\/posts"}],"about":[{"href":"https:\/\/fdp-porta.de\/FDP\/wp-json\/wp\/v2\/types\/post"}],"author":[{"embeddable":true,"href":"https:\/\/fdp-porta.de\/FDP\/wp-json\/wp\/v2\/users\/2"}],"replies":[{"embeddable":true,"href":"https:\/\/fdp-porta.de\/FDP\/wp-json\/wp\/v2\/comments?post=3668"}],"version-history":[{"count":0,"href":"https:\/\/fdp-porta.de\/FDP\/wp-json\/wp\/v2\/posts\/3668\/revisions"}],"wp:featuredmedia":[{"embeddable":true,"href":"https:\/\/fdp-porta.de\/FDP\/wp-json\/wp\/v2\/media\/3670"}],"wp:attachment":[{"href":"https:\/\/fdp-porta.de\/FDP\/wp-json\/wp\/v2\/media?parent=3668"}],"wp:term":[{"taxonomy":"category","embeddable":true,"href":"https:\/\/fdp-porta.de\/FDP\/wp-json\/wp\/v2\/categories?post=3668"},{"taxonomy":"post_tag","embeddable":true,"href":"https:\/\/fdp-porta.de\/FDP\/wp-json\/wp\/v2\/tags?post=3668"}],"curies":[{"name":"wp","href":"https:\/\/api.w.org\/{rel}","templated":true}]}}