{"id":3633,"date":"2020-07-23T13:22:34","date_gmt":"2020-07-23T11:22:34","guid":{"rendered":"http:\/\/fdp-porta.de\/FDP\/?p=3633"},"modified":"2020-07-23T19:13:06","modified_gmt":"2020-07-23T17:13:06","slug":"besuch-bei-der-ihk","status":"publish","type":"post","link":"https:\/\/fdp-porta.de\/FDP\/besuch-bei-der-ihk\/","title":{"rendered":"Besuch bei der IHK"},"content":{"rendered":"\n<figure class=\"wp-block-image size-large\"><img loading=\"lazy\" decoding=\"async\" width=\"640\" height=\"428\" src=\"http:\/\/fdp-porta.de\/FDP\/wp-content\/uploads\/2020\/07\/IMG_1375-IHK-Trio.jpg\" alt=\"\" class=\"wp-image-3634\" srcset=\"https:\/\/fdp-porta.de\/FDP\/wp-content\/uploads\/2020\/07\/IMG_1375-IHK-Trio.jpg 640w, https:\/\/fdp-porta.de\/FDP\/wp-content\/uploads\/2020\/07\/IMG_1375-IHK-Trio-300x201.jpg 300w, https:\/\/fdp-porta.de\/FDP\/wp-content\/uploads\/2020\/07\/IMG_1375-IHK-Trio-619x414.jpg 619w\" sizes=\"auto, (max-width: 640px) 100vw, 640px\" \/><\/figure>\n\n\n\n<p>Besuch der Fraktionsvorsitzenden von FDP Cornelia M\u00fcller-Dieker und  Kurt Baberske, Fraktionsvorsitzender der CDU mit der B\u00fcrgermeisterkandidatin Dr. Sonja Gerlach bei der IHK zu Bielefeld! Es wurden konstruktive Gespr\u00e4che zur weiteren Entwicklung des Wirtschaftsstandortes Porta Westfalica gef\u00fchrt !<\/p>\n","protected":false},"excerpt":{"rendered":"<p>Besuch der Fraktionsvorsitzenden von FDP Cornelia M\u00fcller-Dieker und Kurt Baberske, Fraktionsvorsitzender der CDU mit der B\u00fcrgermeisterkandidatin Dr. Sonja Gerlach bei der IHK zu Bielefeld! Es wurden konstruktive Gespr\u00e4che zur weiteren Entwicklung des Wirtschaftsstandortes Porta Westfalica gef\u00fchrt !<\/p>\n","protected":false},"author":2,"featured_media":3634,"comment_status":"closed","ping_status":"closed","sticky":false,"template":"","format":"standard","meta":{"footnotes":""},"categories":[1,13],"tags":[],"class_list":["post-3633","post","type-post","status-publish","format-standard","has-post-thumbnail","hentry","category-allgemein","category-fdp-porta-westfalica-aktuell"],"featured_image_src":"https:\/\/fdp-porta.de\/FDP\/wp-content\/uploads\/2020\/07\/IMG_1375-IHK-Trio.jpg","author_info":{"display_name":"Reinhold K\u00f6lling","author_link":"https:\/\/fdp-porta.de\/FDP\/author\/rkoelling\/"},"_links":{"self":[{"href":"https:\/\/fdp-porta.de\/FDP\/wp-json\/wp\/v2\/posts\/3633","targetHints":{"allow":["GET"]}}],"collection":[{"href":"https:\/\/fdp-porta.de\/FDP\/wp-json\/wp\/v2\/posts"}],"about":[{"href":"https:\/\/fdp-porta.de\/FDP\/wp-json\/wp\/v2\/types\/post"}],"author":[{"embeddable":true,"href":"https:\/\/fdp-porta.de\/FDP\/wp-json\/wp\/v2\/users\/2"}],"replies":[{"embeddable":true,"href":"https:\/\/fdp-porta.de\/FDP\/wp-json\/wp\/v2\/comments?post=3633"}],"version-history":[{"count":0,"href":"https:\/\/fdp-porta.de\/FDP\/wp-json\/wp\/v2\/posts\/3633\/revisions"}],"wp:featuredmedia":[{"embeddable":true,"href":"https:\/\/fdp-porta.de\/FDP\/wp-json\/wp\/v2\/media\/3634"}],"wp:attachment":[{"href":"https:\/\/fdp-porta.de\/FDP\/wp-json\/wp\/v2\/media?parent=3633"}],"wp:term":[{"taxonomy":"category","embeddable":true,"href":"https:\/\/fdp-porta.de\/FDP\/wp-json\/wp\/v2\/categories?post=3633"},{"taxonomy":"post_tag","embeddable":true,"href":"https:\/\/fdp-porta.de\/FDP\/wp-json\/wp\/v2\/tags?post=3633"}],"curies":[{"name":"wp","href":"https:\/\/api.w.org\/{rel}","templated":true}]}}