{"id":3280,"date":"2020-06-11T18:47:37","date_gmt":"2020-06-11T16:47:37","guid":{"rendered":"http:\/\/fdp-porta.de\/FDP\/?p=3280"},"modified":"2020-06-15T20:19:16","modified_gmt":"2020-06-15T18:19:16","slug":"fdp-porta-auf-radeltour","status":"publish","type":"post","link":"https:\/\/fdp-porta.de\/FDP\/fdp-porta-auf-radeltour\/","title":{"rendered":"FDP-Porta auf Radeltour"},"content":{"rendered":"\r\n<figure class=\"wp-block-image\"><a href=\"http:\/\/fdp-porta.de\/FDP\/wp-content\/uploads\/2020\/06\/IMG_5739-scaled.jpg\"><img loading=\"lazy\" decoding=\"async\" class=\"alignnone size-medium wp-image-3282\" src=\"http:\/\/fdp-porta.de\/FDP\/wp-content\/uploads\/2020\/06\/IMG_5739-300x225.jpg\" alt=\"\" width=\"300\" height=\"225\" srcset=\"https:\/\/fdp-porta.de\/FDP\/wp-content\/uploads\/2020\/06\/IMG_5739-300x225.jpg 300w, https:\/\/fdp-porta.de\/FDP\/wp-content\/uploads\/2020\/06\/IMG_5739-1024x768.jpg 1024w, https:\/\/fdp-porta.de\/FDP\/wp-content\/uploads\/2020\/06\/IMG_5739-768x576.jpg 768w, https:\/\/fdp-porta.de\/FDP\/wp-content\/uploads\/2020\/06\/IMG_5739-1536x1152.jpg 1536w, https:\/\/fdp-porta.de\/FDP\/wp-content\/uploads\/2020\/06\/IMG_5739-2048x1536.jpg 2048w, https:\/\/fdp-porta.de\/FDP\/wp-content\/uploads\/2020\/06\/IMG_5739-619x464.jpg 619w\" sizes=\"auto, (max-width: 300px) 100vw, 300px\" \/><\/a><\/figure>\r\n\r\n\r\n\r\n<p>Heute war das Stadtradelteam der FDP Porta Westfalica zusammen mit der B\u00fcrgermeisterkandidatin Dr. Sonja Gerlach auf Radeltour durch den sch\u00f6nen S\u00fcden der Stadt Porta Westfalica. Start war am Badezentrum, \u00fcber Lohfeld, Eisbergen, Veltheim ging es durch M\u00f6llbergen, Holtrup, Costedt und Holzhausen zur\u00fcck nach Hausberge.<\/p>\r\n","protected":false},"excerpt":{"rendered":"<p>Heute war das Stadtradelteam der FDP Porta Westfalica zusammen mit der B\u00fcrgermeisterkandidatin Dr. Sonja Gerlach auf Radeltour durch den sch\u00f6nen S\u00fcden der Stadt Porta Westfalica. Start war am Badezentrum, \u00fcber Lohfeld, Eisbergen, Veltheim ging es durch M\u00f6llbergen, Holtrup, Costedt und Holzhausen zur\u00fcck nach Hausberge.<\/p>\n","protected":false},"author":2,"featured_media":3282,"comment_status":"closed","ping_status":"closed","sticky":false,"template":"","format":"standard","meta":{"footnotes":""},"categories":[1,13],"tags":[],"class_list":["post-3280","post","type-post","status-publish","format-standard","has-post-thumbnail","hentry","category-allgemein","category-fdp-porta-westfalica-aktuell"],"featured_image_src":"https:\/\/fdp-porta.de\/FDP\/wp-content\/uploads\/2020\/06\/IMG_5739-scaled.jpg","author_info":{"display_name":"Reinhold K\u00f6lling","author_link":"https:\/\/fdp-porta.de\/FDP\/author\/rkoelling\/"},"_links":{"self":[{"href":"https:\/\/fdp-porta.de\/FDP\/wp-json\/wp\/v2\/posts\/3280","targetHints":{"allow":["GET"]}}],"collection":[{"href":"https:\/\/fdp-porta.de\/FDP\/wp-json\/wp\/v2\/posts"}],"about":[{"href":"https:\/\/fdp-porta.de\/FDP\/wp-json\/wp\/v2\/types\/post"}],"author":[{"embeddable":true,"href":"https:\/\/fdp-porta.de\/FDP\/wp-json\/wp\/v2\/users\/2"}],"replies":[{"embeddable":true,"href":"https:\/\/fdp-porta.de\/FDP\/wp-json\/wp\/v2\/comments?post=3280"}],"version-history":[{"count":0,"href":"https:\/\/fdp-porta.de\/FDP\/wp-json\/wp\/v2\/posts\/3280\/revisions"}],"wp:featuredmedia":[{"embeddable":true,"href":"https:\/\/fdp-porta.de\/FDP\/wp-json\/wp\/v2\/media\/3282"}],"wp:attachment":[{"href":"https:\/\/fdp-porta.de\/FDP\/wp-json\/wp\/v2\/media?parent=3280"}],"wp:term":[{"taxonomy":"category","embeddable":true,"href":"https:\/\/fdp-porta.de\/FDP\/wp-json\/wp\/v2\/categories?post=3280"},{"taxonomy":"post_tag","embeddable":true,"href":"https:\/\/fdp-porta.de\/FDP\/wp-json\/wp\/v2\/tags?post=3280"}],"curies":[{"name":"wp","href":"https:\/\/api.w.org\/{rel}","templated":true}]}}