{"id":3133,"date":"2020-05-13T15:33:15","date_gmt":"2020-05-13T13:33:15","guid":{"rendered":"http:\/\/fdp-porta.de\/FDP\/?p=3133"},"modified":"2020-05-13T15:33:15","modified_gmt":"2020-05-13T13:33:15","slug":"staerkung-des-ehrenamts-in-minden-luebbecke-land-plant-soforthilfeprogramm-fuer-brauchtums-und-heimatvereine","status":"publish","type":"post","link":"https:\/\/fdp-porta.de\/FDP\/staerkung-des-ehrenamts-in-minden-luebbecke-land-plant-soforthilfeprogramm-fuer-brauchtums-und-heimatvereine\/","title":{"rendered":"St\u00e4rkung des Ehrenamts in Minden-L\u00fcbbecke:  Land plant Soforthilfeprogramm f\u00fcr Brauchtums- und Heimatvereine"},"content":{"rendered":"<p>&nbsp;<\/p>\n<p>Die NRW-Koalition aus CDU und FDP hat mit einem Beschluss im\u00a0heutigen Plenum die Landesregierung aufgefordert, ein\u00a0Soforthilfeprogramm f\u00fcr unsere gemeinn\u00fctzigen Brauchtums- und\u00a0Heimatvereine aufzulegen. Davon k\u00f6nnen auch die Vereine in Minden-L\u00fcbbecke profitieren.<\/p>\n<p>\u201eDas b\u00fcrgerschaftliche Engagement, unsere Vereine und unser\u00a0Brauchtum sind ein wichtiger Pfeiler unserer Gesellschaft \u2013 ganz\u00a0besonders auch hier in Minden-L\u00fcbbecke\u201c, so die Espelkamper FDP Landtagsabgeordnete\u00a0Daniela Beihl. Aktuell leiden auch\u00a0Sch\u00fctzenvereine und Vereine zur Brauchtumspflege stark unter den\u00a0Einschr\u00e4nkungen der Corona-Pandemie. Gleichzeitig zeige sich aber\u00a0auch, wie gut Vereinsstrukturen funktionieren und wie schnell\u00a0Hilfsangebote auch \u00fcber diese aufgebaut werden k\u00f6nnen. \u201eGerade in so\u00a0herausfordernden Zeiten wie jetzt zeigt sich der Stellenwert des\u00a0Ehrenamts. Ich danke deshalb ganz besonders allen, die sich aktuell\u00a0ehrenamtlich engagieren\u201c, so Beihl.<\/p>\n<p>Um diese einmalige Vereinslandschaft und unser regionales Brauchtum\u00a0zu sichern, sollen gemeinn\u00fctzige Vereine, die Corona-bedingt finanzielle\u00a0Einbu\u00dfen etwa durch entfallene Veranstaltungen erleiden mussten,\u00a0unb\u00fcrokratisch unterst\u00fctzt werden. \u201eWir m\u00fcssen jetzt pragmatisch\u00a0handeln, damit die lokalen Traditionen quer durch NRW lebendig\u00a0bleiben und nicht aufgrund der Corona-Pandemie verschwinden\u201c, so\u00a0Daniela Beihl.<\/p>\n<p>Der Auftrag an die Landesregierung sieht nun das z\u00fcgige Bereitstellen\u00a0von Mitteln und die Auflage eines unb\u00fcrokratischen Antragssystem vor,\u00a0damit schon bald Soforthilfen flie\u00dfen k\u00f6nnen.<\/p>\n","protected":false},"excerpt":{"rendered":"<p>&nbsp; Die NRW-Koalition aus CDU und FDP hat mit einem Beschluss im\u00a0heutigen Plenum die Landesregierung aufgefordert, ein\u00a0Soforthilfeprogramm f\u00fcr unsere gemeinn\u00fctzigen Brauchtums- und\u00a0Heimatvereine aufzulegen. Davon k\u00f6nnen auch die Vereine in Minden-L\u00fcbbecke profitieren. \u201eDas b\u00fcrgerschaftliche Engagement, unsere Vereine und unser\u00a0Brauchtum sind ein wichtiger Pfeiler unserer Gesellschaft \u2013 ganz\u00a0besonders auch hier in Minden-L\u00fcbbecke\u201c, so die Espelkamper FDP Landtagsabgeordnete\u00a0Daniela [&hellip;]<\/p>\n","protected":false},"author":1,"featured_media":0,"comment_status":"open","ping_status":"closed","sticky":false,"template":"","format":"standard","meta":{"footnotes":""},"categories":[1,18,13,17],"tags":[],"class_list":["post-3133","post","type-post","status-publish","format-standard","hentry","category-allgemein","category-antraege","category-fdp-porta-westfalica-aktuell","category-pressemitteilungen"],"featured_image_src":null,"author_info":{"display_name":"webmaster","author_link":"https:\/\/fdp-porta.de\/FDP\/author\/webmaster\/"},"_links":{"self":[{"href":"https:\/\/fdp-porta.de\/FDP\/wp-json\/wp\/v2\/posts\/3133","targetHints":{"allow":["GET"]}}],"collection":[{"href":"https:\/\/fdp-porta.de\/FDP\/wp-json\/wp\/v2\/posts"}],"about":[{"href":"https:\/\/fdp-porta.de\/FDP\/wp-json\/wp\/v2\/types\/post"}],"author":[{"embeddable":true,"href":"https:\/\/fdp-porta.de\/FDP\/wp-json\/wp\/v2\/users\/1"}],"replies":[{"embeddable":true,"href":"https:\/\/fdp-porta.de\/FDP\/wp-json\/wp\/v2\/comments?post=3133"}],"version-history":[{"count":0,"href":"https:\/\/fdp-porta.de\/FDP\/wp-json\/wp\/v2\/posts\/3133\/revisions"}],"wp:attachment":[{"href":"https:\/\/fdp-porta.de\/FDP\/wp-json\/wp\/v2\/media?parent=3133"}],"wp:term":[{"taxonomy":"category","embeddable":true,"href":"https:\/\/fdp-porta.de\/FDP\/wp-json\/wp\/v2\/categories?post=3133"},{"taxonomy":"post_tag","embeddable":true,"href":"https:\/\/fdp-porta.de\/FDP\/wp-json\/wp\/v2\/tags?post=3133"}],"curies":[{"name":"wp","href":"https:\/\/api.w.org\/{rel}","templated":true}]}}