{"id":3044,"date":"2020-02-21T23:20:24","date_gmt":"2020-02-21T21:20:24","guid":{"rendered":"http:\/\/fdp-porta.de\/FDP\/?p=3044"},"modified":"2021-01-26T15:40:46","modified_gmt":"2021-01-26T13:40:46","slug":"fdp-ehrt-langjaehrige-mitglieder-auf-ortsparteitag","status":"publish","type":"post","link":"https:\/\/fdp-porta.de\/FDP\/fdp-ehrt-langjaehrige-mitglieder-auf-ortsparteitag\/","title":{"rendered":"FDP ehrt langj\u00e4hrige Mitglieder auf Ortsparteitag"},"content":{"rendered":"<p>Im Rahmen des diesj\u00e4hrigen turnusgem\u00e4\u00dfen Ortsparteitages ehrte die FDP langj\u00e4hrige Mitglieder. Darunter unter anderem Gerhard M\u00fcller f\u00fcr 40 j\u00e4hrige Mitgliedschaft und Hans Kaiser f\u00fcr 50 j\u00e4hrige Mitgliedschaft.<\/p>\n<p>Die Ehrung wurde vom Kreisvorsitzenden und Bundestagsmitglied Frank Sch\u00e4ffler, MdB vorgenommen.<\/p>\n<p>&nbsp;<\/p>\n<p><a href=\"http:\/\/fdp-porta.de\/FDP\/wp-content\/uploads\/2020\/02\/1f616a45-bf25-4ec8-8e53-0102f8b16385.jpg\"><img loading=\"lazy\" decoding=\"async\" class=\"aligncenter wp-image-3052 size-full\" src=\"http:\/\/fdp-porta.de\/FDP\/wp-content\/uploads\/2020\/02\/1f616a45-bf25-4ec8-8e53-0102f8b16385.jpg\" alt=\"\" width=\"1200\" height=\"1600\" srcset=\"https:\/\/fdp-porta.de\/FDP\/wp-content\/uploads\/2020\/02\/1f616a45-bf25-4ec8-8e53-0102f8b16385.jpg 1200w, https:\/\/fdp-porta.de\/FDP\/wp-content\/uploads\/2020\/02\/1f616a45-bf25-4ec8-8e53-0102f8b16385-225x300.jpg 225w, https:\/\/fdp-porta.de\/FDP\/wp-content\/uploads\/2020\/02\/1f616a45-bf25-4ec8-8e53-0102f8b16385-768x1024.jpg 768w, https:\/\/fdp-porta.de\/FDP\/wp-content\/uploads\/2020\/02\/1f616a45-bf25-4ec8-8e53-0102f8b16385-619x825.jpg 619w\" sizes=\"auto, (max-width: 1200px) 100vw, 1200px\" \/><\/a><\/p>\n","protected":false},"excerpt":{"rendered":"<p>Im Rahmen des diesj\u00e4hrigen turnusgem\u00e4\u00dfen Ortsparteitages ehrte die FDP langj\u00e4hrige Mitglieder. Darunter unter anderem Gerhard M\u00fcller f\u00fcr 40 j\u00e4hrige Mitgliedschaft und Hans Kaiser f\u00fcr 50 j\u00e4hrige Mitgliedschaft. Die Ehrung wurde vom Kreisvorsitzenden und Bundestagsmitglied Frank Sch\u00e4ffler, MdB vorgenommen. &nbsp;<\/p>\n","protected":false},"author":1,"featured_media":0,"comment_status":"closed","ping_status":"closed","sticky":false,"template":"","format":"standard","meta":{"footnotes":""},"categories":[1,13,20],"tags":[],"class_list":["post-3044","post","type-post","status-publish","format-standard","hentry","category-allgemein","category-fdp-porta-westfalica-aktuell","category-veranstaltungen"],"featured_image_src":null,"author_info":{"display_name":"webmaster","author_link":"https:\/\/fdp-porta.de\/FDP\/author\/webmaster\/"},"_links":{"self":[{"href":"https:\/\/fdp-porta.de\/FDP\/wp-json\/wp\/v2\/posts\/3044","targetHints":{"allow":["GET"]}}],"collection":[{"href":"https:\/\/fdp-porta.de\/FDP\/wp-json\/wp\/v2\/posts"}],"about":[{"href":"https:\/\/fdp-porta.de\/FDP\/wp-json\/wp\/v2\/types\/post"}],"author":[{"embeddable":true,"href":"https:\/\/fdp-porta.de\/FDP\/wp-json\/wp\/v2\/users\/1"}],"replies":[{"embeddable":true,"href":"https:\/\/fdp-porta.de\/FDP\/wp-json\/wp\/v2\/comments?post=3044"}],"version-history":[{"count":0,"href":"https:\/\/fdp-porta.de\/FDP\/wp-json\/wp\/v2\/posts\/3044\/revisions"}],"wp:attachment":[{"href":"https:\/\/fdp-porta.de\/FDP\/wp-json\/wp\/v2\/media?parent=3044"}],"wp:term":[{"taxonomy":"category","embeddable":true,"href":"https:\/\/fdp-porta.de\/FDP\/wp-json\/wp\/v2\/categories?post=3044"},{"taxonomy":"post_tag","embeddable":true,"href":"https:\/\/fdp-porta.de\/FDP\/wp-json\/wp\/v2\/tags?post=3044"}],"curies":[{"name":"wp","href":"https:\/\/api.w.org\/{rel}","templated":true}]}}