{"id":2980,"date":"2019-11-29T19:59:15","date_gmt":"2019-11-29T17:59:15","guid":{"rendered":"http:\/\/fdp-porta.de\/FDP\/?p=2980"},"modified":"2021-01-26T19:36:27","modified_gmt":"2021-01-26T17:36:27","slug":"mitmach-arena-fdp-praktiziert-buergernaehe","status":"publish","type":"post","link":"https:\/\/fdp-porta.de\/FDP\/mitmach-arena-fdp-praktiziert-buergernaehe\/","title":{"rendered":"Mitmach-Arena:  FDP praktiziert B\u00fcrgern\u00e4he"},"content":{"rendered":"<p>Nachdem Portas Liberalen zusammen mit der CDU k\u00fcrzlich Ihren Kandidaten f\u00fcr das B\u00fcrgermeisteramt vorgestellt haben, bereitet sich die FDP Porta Westfalica weiter\u00a0 auf die Kommunalwahlen in 2020 vor und praktiziert dabei B\u00fcrgern\u00e4he.<\/p>\n<p>\u201eWir rufen unsere B\u00fcrgerinnen und B\u00fcrger auf, uns ihren<em>,<\/em> <em>Meinungen und Fragen <\/em>zu den wichtigsten politischen Themen unserer Stadt <em>mitzuteilen\u201c<\/em>, beschreibt der Stadtverbandsvorsitzende Martin Bierwirth diese Aktion der FDP.<\/p>\n<p>Genau wie der designierte B\u00fcrgermeisterkandidat ,Uwe Siemonsmeier, m\u00f6chten sich auch die Freien Demokraten f\u00fcr die Ideen und Anregungen aus der B\u00fcrgerschaft einsetzen und diese nach M\u00f6glichkeit umsetzen<em>.<\/em><\/p>\n<p>B\u00fcrgern\u00e4he ist f\u00fcr uns ein hohes Gut, und deshalb haben wir uns zu dieser Mitmach-Arena entschlossen,\u201c so die Fraktionsvorsitzende Cornelia M\u00fcller-Dieker,.<\/p>\n<p><em>\u00a0<\/em>Dieses war der Fraktion schon ein Anliegen z.B. beim Thema Klimaschutz. Hier wurde bereits eine Mitmach-Arena gefordert, die aber leider von Rot-Gr\u00fcn abgelehnt wurde. Aber nur durch die aktive Beteiligung und Einbindung der B\u00fcrger sind Ziele zu erreichen nicht durch Vorschriften oder Verbote. Wir m\u00f6chten die Politik aus dem Ratssaal zu den Menschen bringen\u00a0 Deshalb rufen wir die Portaner B\u00fcrgerinnen und B\u00fcrger auf sich online einzubringen, um die Zukunft unserer Stadt mitzugestalten.<\/p>\n<p>Die FDP wird die W\u00fcnsche und Anregungen, soweit diese realistisch und umsetzbar\u00a0sind, in ihr Wahlprogramm aufnehmen<\/p>\n<p>Mitmachen kann jeder \u00fcber die Homepage der Liberalen <a href=\"http:\/\/fdp-porta.de\/FDP\/?page_id=2713\">www.fdp-porta.de<\/a> unter dem Men\u00fc Kommunalwahl 2020 oder einfacher direkt mit dem Link: <a href=\"http:\/\/www.mitmachen.fdp-porta.de\/\">mitmachen.fdp-porta.de<\/a>.\u00a0 Dort ist genau beschrieben, wie die Beteiligung m\u00f6glich ist.<\/p>\n<p>&nbsp;<\/p>\n","protected":false},"excerpt":{"rendered":"<p>Nachdem Portas Liberalen zusammen mit der CDU k\u00fcrzlich Ihren Kandidaten f\u00fcr das B\u00fcrgermeisteramt vorgestellt haben, bereitet sich die FDP Porta Westfalica weiter\u00a0 auf die Kommunalwahlen in 2020 vor und praktiziert dabei B\u00fcrgern\u00e4he. \u201eWir rufen unsere B\u00fcrgerinnen und B\u00fcrger auf, uns ihren, Meinungen und Fragen zu den wichtigsten politischen Themen unserer Stadt mitzuteilen\u201c, beschreibt der Stadtverbandsvorsitzende [&hellip;]<\/p>\n","protected":false},"author":1,"featured_media":0,"comment_status":"closed","ping_status":"closed","sticky":false,"template":"","format":"standard","meta":{"footnotes":""},"categories":[1,13],"tags":[],"class_list":["post-2980","post","type-post","status-publish","format-standard","hentry","category-allgemein","category-fdp-porta-westfalica-aktuell"],"featured_image_src":null,"author_info":{"display_name":"webmaster","author_link":"https:\/\/fdp-porta.de\/FDP\/author\/webmaster\/"},"_links":{"self":[{"href":"https:\/\/fdp-porta.de\/FDP\/wp-json\/wp\/v2\/posts\/2980","targetHints":{"allow":["GET"]}}],"collection":[{"href":"https:\/\/fdp-porta.de\/FDP\/wp-json\/wp\/v2\/posts"}],"about":[{"href":"https:\/\/fdp-porta.de\/FDP\/wp-json\/wp\/v2\/types\/post"}],"author":[{"embeddable":true,"href":"https:\/\/fdp-porta.de\/FDP\/wp-json\/wp\/v2\/users\/1"}],"replies":[{"embeddable":true,"href":"https:\/\/fdp-porta.de\/FDP\/wp-json\/wp\/v2\/comments?post=2980"}],"version-history":[{"count":0,"href":"https:\/\/fdp-porta.de\/FDP\/wp-json\/wp\/v2\/posts\/2980\/revisions"}],"wp:attachment":[{"href":"https:\/\/fdp-porta.de\/FDP\/wp-json\/wp\/v2\/media?parent=2980"}],"wp:term":[{"taxonomy":"category","embeddable":true,"href":"https:\/\/fdp-porta.de\/FDP\/wp-json\/wp\/v2\/categories?post=2980"},{"taxonomy":"post_tag","embeddable":true,"href":"https:\/\/fdp-porta.de\/FDP\/wp-json\/wp\/v2\/tags?post=2980"}],"curies":[{"name":"wp","href":"https:\/\/api.w.org\/{rel}","templated":true}]}}