{"id":2655,"date":"2019-07-21T14:58:12","date_gmt":"2019-07-21T12:58:12","guid":{"rendered":"http:\/\/fdp-porta.de\/FDP\/?p=2655"},"modified":"2021-01-26T15:43:29","modified_gmt":"2021-01-26T13:43:29","slug":"der-neue-sommer-polibri-2019-ist-da","status":"publish","type":"post","link":"https:\/\/fdp-porta.de\/FDP\/der-neue-sommer-polibri-2019-ist-da\/","title":{"rendered":"Der neue Sommer-Polibri 2019 ist da!"},"content":{"rendered":"<p>Liebe Freunde, Mitglieder und F\u00f6rderer der FDP Porta Westfalica,<\/p>\n<p>in der Anlage k\u00f6nnen Sie den neuen Sommer-Polibri 2019 herunterladen.<\/p>\n<p>Je nach Bandbreite die volle Version:<\/p>\n<p><a href=\"http:\/\/fdp-porta.de\/FDP\/wp-content\/uploads\/2019\/07\/Sommerpolibri_2019.pdf\">Sommerpolibri_2019<\/a><\/p>\n<p>oder eine weniger gro\u00dfe komprimierte Variante:<\/p>\n<p><a href=\"http:\/\/fdp-porta.de\/FDP\/wp-content\/uploads\/2019\/07\/Sommerpolibri_2019.pdf\">Sommerpolibri_2019<\/a> <a href=\"http:\/\/fdp-porta.de\/FDP\/wp-content\/uploads\/2019\/07\/Sommerpolibri_2019-komprimiert.pdf\">Sommerpolibri_2019-komprimiert<\/a><\/p>\n<p>Viel Spa\u00df beim Lesen w\u00fcnscht der FDP Stadtverband.<\/p>\n","protected":false},"excerpt":{"rendered":"<p>Liebe Freunde, Mitglieder und F\u00f6rderer der FDP Porta Westfalica, in der Anlage k\u00f6nnen Sie den neuen Sommer-Polibri 2019 herunterladen. Je nach Bandbreite die volle Version: Sommerpolibri_2019 oder eine weniger gro\u00dfe komprimierte Variante: Sommerpolibri_2019 Sommerpolibri_2019-komprimiert Viel Spa\u00df beim Lesen w\u00fcnscht der FDP Stadtverband.<\/p>\n","protected":false},"author":1,"featured_media":0,"comment_status":"closed","ping_status":"closed","sticky":false,"template":"","format":"standard","meta":{"footnotes":""},"categories":[1,13,16],"tags":[],"class_list":["post-2655","post","type-post","status-publish","format-standard","hentry","category-allgemein","category-fdp-porta-westfalica-aktuell","category-polibri-fdp-porta-westfalica-aktuell"],"featured_image_src":null,"author_info":{"display_name":"webmaster","author_link":"https:\/\/fdp-porta.de\/FDP\/author\/webmaster\/"},"_links":{"self":[{"href":"https:\/\/fdp-porta.de\/FDP\/wp-json\/wp\/v2\/posts\/2655","targetHints":{"allow":["GET"]}}],"collection":[{"href":"https:\/\/fdp-porta.de\/FDP\/wp-json\/wp\/v2\/posts"}],"about":[{"href":"https:\/\/fdp-porta.de\/FDP\/wp-json\/wp\/v2\/types\/post"}],"author":[{"embeddable":true,"href":"https:\/\/fdp-porta.de\/FDP\/wp-json\/wp\/v2\/users\/1"}],"replies":[{"embeddable":true,"href":"https:\/\/fdp-porta.de\/FDP\/wp-json\/wp\/v2\/comments?post=2655"}],"version-history":[{"count":0,"href":"https:\/\/fdp-porta.de\/FDP\/wp-json\/wp\/v2\/posts\/2655\/revisions"}],"wp:attachment":[{"href":"https:\/\/fdp-porta.de\/FDP\/wp-json\/wp\/v2\/media?parent=2655"}],"wp:term":[{"taxonomy":"category","embeddable":true,"href":"https:\/\/fdp-porta.de\/FDP\/wp-json\/wp\/v2\/categories?post=2655"},{"taxonomy":"post_tag","embeddable":true,"href":"https:\/\/fdp-porta.de\/FDP\/wp-json\/wp\/v2\/tags?post=2655"}],"curies":[{"name":"wp","href":"https:\/\/api.w.org\/{rel}","templated":true}]}}