{"id":2643,"date":"2019-07-07T20:35:44","date_gmt":"2019-07-07T18:35:44","guid":{"rendered":"http:\/\/fdp-porta.de\/FDP\/?p=2643"},"modified":"2019-07-07T20:36:01","modified_gmt":"2019-07-07T18:36:01","slug":"klimaschutz-mit-augenmass-und-vernunft-durch-buergerbeteiligung","status":"publish","type":"post","link":"https:\/\/fdp-porta.de\/FDP\/klimaschutz-mit-augenmass-und-vernunft-durch-buergerbeteiligung\/","title":{"rendered":"Klimaschutz mit Augenma\u00df und Vernunft durch B\u00fcrgerbeteiligung"},"content":{"rendered":"<p><strong>Antrag der FDP-Fraktion zum Rat am 8.7.2019<\/strong><\/p>\n<p><strong>Klimaschutz mit Augenma\u00df und Vernunft durch B\u00fcrgerbeteiligung<\/strong><\/p>\n<p><strong>\u00a0<\/strong><\/p>\n<p><strong>Sehr geehrter Herr Hedtmann,<\/strong><\/p>\n<p><strong>\u00a0<\/strong><\/p>\n<ol>\n<li><strong> Die FDP \u2013 Fraktion beantragt eine B\u00fcrgerversammlung\/ Mitmacharena<\/strong><\/li>\n<\/ol>\n<p><strong>zum Thema \u201eKlimaschutz- was k\u00f6nnen wir in Porta Westfalica \u00a0daf\u00fcr tun\u201c<\/strong><\/p>\n<p><strong>In dieser Veranstaltung sollten \u00a0u.a. verschiedene Einzelma\u00dfnahmen, siehe untenstehend, \u00a0mit den B\u00fcrgern diskutiert werden. Einzelne der aufgef\u00fchrten Vorschl\u00e4ge eignen sich zur sofortigen Umsetzung.<\/strong><\/p>\n<p><strong>\u00a0<\/strong><\/p>\n<p><strong>Begr\u00fcndung:<\/strong><\/p>\n<p>Die FDP bekennt sich zum Klimaschutz. Wir bekennen uns zu den Zielen des Pariser Abkommens und haben als Bundespartei Rahmenbedingungen formuliert, wie wir in Deutschland und Europa einen Beitrag dazu leisten k\u00f6nnen, diese Ziele zu erreichen. Aber auch in unseren Einflussbereichen m\u00fcssen wir daran arbeiten, den Klimaschutz effektiv zu gestalten und Ressourcen f\u00fcr die Nachwelt zu schonen.\u00a0 Jeder Einzelne von uns ist aufgerufen, sich selbst und sein Konsumverhalten zu hinterfragen.\u00a0 Dieses wird aber nur gelingen, wenn wir \u00a0mit allen B\u00fcrgern, \u00a0\u00a0ob j\u00fcnger oder \u00e4lter den Dialog suchen, auf Augenh\u00f6he Ma\u00dfnahmen diskutieren und\u00a0gemeinsam entwickeln.<\/p>\n<p>Resolutionen zu verfassen, ist aus unserer Sicht reine Symbolpolitik\u00a0 und nimmt weite Teile der Bev\u00f6lkerung nicht mit. Ganz im Gegenteil, der Begriff Notstand\u00a0 ist negativ besetzt und sollte nur mit gr\u00f6\u00dfter Vorsicht verwandt werden.<\/p>\n<p>Aus diesem Grund beantragt die FDP eine B\u00fcrgerversammlung\/ Mitmacharena zum Thema Klimaschutz unmittelbar nach der Sommerpause.<\/p>\n<p>In diese Veranstaltung sollte die Energieagentur NRW eingebunden werden.<\/p>\n<p>Kommunaler Klimaschutz, wo sich B\u00fcrger mit ihren Belangen \u00a0einbringen k\u00f6nnen, wird dazu beitragen,\u00a0 die Eigeninitiative und die Akzeptanz dieses wichtigen Themas und der daraus folgender Konsequenzen \u00a0zu erh\u00f6hen.<\/p>\n<p>&nbsp;<\/p>\n<ol start=\"2\">\n<li><strong> Die FDP schl\u00e4gt zun\u00e4chst folgende Ma\u00dfnahmen vor, ist aber zu sinnvollen Weiterungen jederzeit bereit: <\/strong><\/li>\n<\/ol>\n<p>&nbsp;<\/p>\n<ul>\n<li>Konsequente Investitionen in Sanierung st\u00e4dtischer Liegenschaften durch energetische Initiativen. Hierf\u00fcr sollten nach Haushaltslage m\u00f6glichst 100.000,00 \u20ac per anno eingestellt werden.<\/li>\n<li>Ein erster Schritt zur \u00c4nderung der Mobilit\u00e4t ist mit dem Beschluss Stadtradeln gefasst worden. Wir beantragen, dass dieses von der Verwaltung nachhaltig weiter verfolgt wird, die Dienstwagen reduziert, und wo immer m\u00f6glich auf Dienstfahrr\u00e4der umgestiegen wird. Ferner soll das Radverkehrsnetz verst\u00e4rkt in den Focus ger\u00fcckt werden.<\/li>\n<li>Informationsveranstaltungen des Klimaschutzmanagers zu unterschiedlichen Themen wie energieeffizientes Bauen, Reduzierung von Plastikm\u00fcll, Anlegen von Bl\u00fchstreifen, \u00dcbernahme von Patenschaften f\u00fcr B\u00e4ume und Gr\u00fcnstreifen<\/li>\n<li>Freiwilliger Verzicht auf Feuerwerke \u00a0B. \u00a0beim Stadtfest<\/li>\n<li>Ausgabe von Wildsament\u00fcten gemeinsam mit den gelben S\u00e4cken (Sponsoring)<\/li>\n<li>Einbindung des Klimab\u00fcndnisses im M\u00fchlenkreis in einzelne Konzepte z.B. Auslobung eines Klimawettbewerbes.<\/li>\n<li>Einsatz von intelligenter Messtechnik zur Feststellung von Energie- und Wasserverschwendung und zur Kontrolle von Energiesparmassnahmen.<\/li>\n<\/ul>\n<p>&nbsp;<\/p>\n<p>Diese und ggf. weitere Themen sollen aus unserer Sicht breit diskutiert werden, damit der m\u00fcndige B\u00fcrger sich in diese Debatte und die daraus erfolgende Umsetzung aktiv einbringen kann.<\/p>\n<p>Freundliche Gr\u00fc\u00dfe<\/p>\n<p>Cornelia M\u00fcller-Dieker\u00a0\u00a0\u00a0\u00a0\u00a0\u00a0\u00a0\u00a0\u00a0\u00a0\u00a0\u00a0\u00a0\u00a0\u00a0\u00a0\u00a0\u00a0\u00a0\u00a0\u00a0\u00a0\u00a0\u00a0\u00a0\u00a0\u00a0\u00a0\u00a0\u00a0\u00a0\u00a0\u00a0\u00a0\u00a0\u00a0\u00a0\u00a0\u00a0\u00a0\u00a0\u00a0\u00a0\u00a0\u00a0\u00a0\u00a0\u00a0\u00a0\u00a0\u00a0\u00a0\u00a0\u00a0\u00a0\u00a0\u00a0\u00a0\u00a0Dirk Neitmann<\/p>\n<p>Fraktionsvorsitzende\u00a0\u00a0\u00a0\u00a0\u00a0\u00a0\u00a0\u00a0\u00a0\u00a0\u00a0\u00a0\u00a0\u00a0\u00a0\u00a0\u00a0\u00a0\u00a0\u00a0\u00a0\u00a0\u00a0\u00a0\u00a0\u00a0\u00a0\u00a0\u00a0\u00a0\u00a0\u00a0\u00a0\u00a0\u00a0\u00a0\u00a0\u00a0\u00a0\u00a0\u00a0\u00a0\u00a0\u00a0\u00a0\u00a0\u00a0\u00a0\u00a0\u00a0\u00a0\u00a0\u00a0\u00a0\u00a0\u00a0\u00a0\u00a0\u00a0\u00a0\u00a0\u00a0\u00a0Ratsmitglied<br \/>\nFDP-Fraktion im Rat der Stadt Porta Westfalica<\/p>\n","protected":false},"excerpt":{"rendered":"<p>Antrag der FDP-Fraktion zum Rat am 8.7.2019 Klimaschutz mit Augenma\u00df und Vernunft durch B\u00fcrgerbeteiligung \u00a0 Sehr geehrter Herr Hedtmann, \u00a0 Die FDP \u2013 Fraktion beantragt eine B\u00fcrgerversammlung\/ Mitmacharena zum Thema \u201eKlimaschutz- was k\u00f6nnen wir in Porta Westfalica \u00a0daf\u00fcr tun\u201c In dieser Veranstaltung sollten \u00a0u.a. verschiedene Einzelma\u00dfnahmen, siehe untenstehend, \u00a0mit den B\u00fcrgern diskutiert werden. Einzelne der [&hellip;]<\/p>\n","protected":false},"author":1,"featured_media":0,"comment_status":"closed","ping_status":"closed","sticky":false,"template":"","format":"standard","meta":{"footnotes":""},"categories":[1,18,13],"tags":[],"class_list":["post-2643","post","type-post","status-publish","format-standard","hentry","category-allgemein","category-antraege","category-fdp-porta-westfalica-aktuell"],"featured_image_src":null,"author_info":{"display_name":"webmaster","author_link":"https:\/\/fdp-porta.de\/FDP\/author\/webmaster\/"},"_links":{"self":[{"href":"https:\/\/fdp-porta.de\/FDP\/wp-json\/wp\/v2\/posts\/2643","targetHints":{"allow":["GET"]}}],"collection":[{"href":"https:\/\/fdp-porta.de\/FDP\/wp-json\/wp\/v2\/posts"}],"about":[{"href":"https:\/\/fdp-porta.de\/FDP\/wp-json\/wp\/v2\/types\/post"}],"author":[{"embeddable":true,"href":"https:\/\/fdp-porta.de\/FDP\/wp-json\/wp\/v2\/users\/1"}],"replies":[{"embeddable":true,"href":"https:\/\/fdp-porta.de\/FDP\/wp-json\/wp\/v2\/comments?post=2643"}],"version-history":[{"count":0,"href":"https:\/\/fdp-porta.de\/FDP\/wp-json\/wp\/v2\/posts\/2643\/revisions"}],"wp:attachment":[{"href":"https:\/\/fdp-porta.de\/FDP\/wp-json\/wp\/v2\/media?parent=2643"}],"wp:term":[{"taxonomy":"category","embeddable":true,"href":"https:\/\/fdp-porta.de\/FDP\/wp-json\/wp\/v2\/categories?post=2643"},{"taxonomy":"post_tag","embeddable":true,"href":"https:\/\/fdp-porta.de\/FDP\/wp-json\/wp\/v2\/tags?post=2643"}],"curies":[{"name":"wp","href":"https:\/\/api.w.org\/{rel}","templated":true}]}}