{"id":2611,"date":"2019-05-01T17:05:14","date_gmt":"2019-05-01T15:05:14","guid":{"rendered":"http:\/\/fdp-porta.de\/FDP\/?p=2611"},"modified":"2021-01-26T19:37:33","modified_gmt":"2021-01-26T17:37:33","slug":"verwaltung-uebernimmt-antrag-der-fdp-zum-thema-stadtradeln-als-beschlussvorschlag","status":"publish","type":"post","link":"https:\/\/fdp-porta.de\/FDP\/verwaltung-uebernimmt-antrag-der-fdp-zum-thema-stadtradeln-als-beschlussvorschlag\/","title":{"rendered":"Verwaltung \u00fcbernimmt Antrag der FDP zum Thema &#8222;Stadtradeln&#8220; als Beschlussvorschlag"},"content":{"rendered":"<p>Die Verwaltung der Stadt Porta Westfalica \u00fcbernimmt den Antrag der FDP zum Thema Stadtradeln als Beschlussvorlage im Ausschuss f\u00fcr Planung und Umweltschutz. Lesen Sie die \u00f6ffentliche Beschlussvorlage hier:<\/p>\n<p><a href=\"http:\/\/fdp-porta.de\/FDP\/wp-content\/uploads\/2019\/05\/68660.pdf\">Beschlussvorlage Stadtradeln<\/a><\/p>\n<p><a href=\"http:\/\/fdp-porta.de\/FDP\/wp-content\/uploads\/2019\/05\/Beschlussvorlage.png\"><img loading=\"lazy\" decoding=\"async\" class=\"aligncenter size-full wp-image-2613\" src=\"http:\/\/fdp-porta.de\/FDP\/wp-content\/uploads\/2019\/05\/Beschlussvorlage.png\" alt=\"\" width=\"435\" height=\"642\" srcset=\"https:\/\/fdp-porta.de\/FDP\/wp-content\/uploads\/2019\/05\/Beschlussvorlage.png 435w, https:\/\/fdp-porta.de\/FDP\/wp-content\/uploads\/2019\/05\/Beschlussvorlage-203x300.png 203w\" sizes=\"auto, (max-width: 435px) 100vw, 435px\" \/><\/a><\/p>\n","protected":false},"excerpt":{"rendered":"<p>Die Verwaltung der Stadt Porta Westfalica \u00fcbernimmt den Antrag der FDP zum Thema Stadtradeln als Beschlussvorlage im Ausschuss f\u00fcr Planung und Umweltschutz. Lesen Sie die \u00f6ffentliche Beschlussvorlage hier: Beschlussvorlage Stadtradeln<\/p>\n","protected":false},"author":1,"featured_media":0,"comment_status":"closed","ping_status":"closed","sticky":false,"template":"","format":"standard","meta":{"footnotes":""},"categories":[1,13],"tags":[],"class_list":["post-2611","post","type-post","status-publish","format-standard","hentry","category-allgemein","category-fdp-porta-westfalica-aktuell"],"featured_image_src":null,"author_info":{"display_name":"webmaster","author_link":"https:\/\/fdp-porta.de\/FDP\/author\/webmaster\/"},"_links":{"self":[{"href":"https:\/\/fdp-porta.de\/FDP\/wp-json\/wp\/v2\/posts\/2611","targetHints":{"allow":["GET"]}}],"collection":[{"href":"https:\/\/fdp-porta.de\/FDP\/wp-json\/wp\/v2\/posts"}],"about":[{"href":"https:\/\/fdp-porta.de\/FDP\/wp-json\/wp\/v2\/types\/post"}],"author":[{"embeddable":true,"href":"https:\/\/fdp-porta.de\/FDP\/wp-json\/wp\/v2\/users\/1"}],"replies":[{"embeddable":true,"href":"https:\/\/fdp-porta.de\/FDP\/wp-json\/wp\/v2\/comments?post=2611"}],"version-history":[{"count":0,"href":"https:\/\/fdp-porta.de\/FDP\/wp-json\/wp\/v2\/posts\/2611\/revisions"}],"wp:attachment":[{"href":"https:\/\/fdp-porta.de\/FDP\/wp-json\/wp\/v2\/media?parent=2611"}],"wp:term":[{"taxonomy":"category","embeddable":true,"href":"https:\/\/fdp-porta.de\/FDP\/wp-json\/wp\/v2\/categories?post=2611"},{"taxonomy":"post_tag","embeddable":true,"href":"https:\/\/fdp-porta.de\/FDP\/wp-json\/wp\/v2\/tags?post=2611"}],"curies":[{"name":"wp","href":"https:\/\/api.w.org\/{rel}","templated":true}]}}