{"id":2600,"date":"2019-03-31T11:36:16","date_gmt":"2019-03-31T09:36:16","guid":{"rendered":"http:\/\/fdp-porta.de\/FDP\/?p=2600"},"modified":"2021-01-26T19:38:02","modified_gmt":"2021-01-26T17:38:02","slug":"passt-lidl-zum-kaiserhof-stellungnahme-der-fdp-fraktion","status":"publish","type":"post","link":"https:\/\/fdp-porta.de\/FDP\/passt-lidl-zum-kaiserhof-stellungnahme-der-fdp-fraktion\/","title":{"rendered":"Passt Lidl zum Kaiserhof &#8211; Stellungnahme der FDP Fraktion"},"content":{"rendered":"<p>Die FDP Fraktion \u00e4u\u00dfert sich zu den Pl\u00e4nen der Lidl-Ansiedlung am Kaiserhof wie folgt:<\/p>\n<p>&nbsp;<\/p>\n<p>&#8222;Ob das Projekt Kaiserhof, wie von Herrn Albersmeier konzipiert, realisierbar ist, kann die FDP Fraktion zum jetzigen Zeitpunkt nicht beantworten.<\/p>\n<p>Wir k\u00f6nnen uns aber sehr wohl, nach dem ersten Aufschlag im BZA II, eine erweiterte Informationsveranstaltung mit einer ergebnisoffenen Diskussion mit den Investoren und den Barkhauser B\u00fcrgern vorstellen, und werden dazu auch gemeinsam mit der CDU einladen.<\/p>\n<p>Es ist aus unserer Sicht wichtig, dass sich dabei ein breites Meinungsbild herauskristallisiert. M\u00f6glicherweise bietet sich auch f\u00fcr die Barkhauser Vereine, Organisationen \u00a0und B\u00fcrger die Chance, sich mit eigenen Ideen in das Projekt einzubringen.&#8220;<\/p>\n<p>&nbsp;<\/p>\n<p>&nbsp;<\/p>\n<p>Lesen Sie zum Thema einen im Mindener-Tageblatt hierzu erschienenen Artikel vom 29.03.2019 (Klick aufs Foto um Artikel zu vergr\u00f6\u00dfern):<\/p>\n<p><a href=\"http:\/\/fdp-porta.de\/FDP\/wp-content\/uploads\/2019\/03\/Kaiserhof.png\"><img loading=\"lazy\" decoding=\"async\" class=\"aligncenter size-large wp-image-2601\" src=\"http:\/\/fdp-porta.de\/FDP\/wp-content\/uploads\/2019\/03\/Kaiserhof-696x1024.png\" alt=\"\" width=\"660\" height=\"971\" srcset=\"https:\/\/fdp-porta.de\/FDP\/wp-content\/uploads\/2019\/03\/Kaiserhof-696x1024.png 696w, https:\/\/fdp-porta.de\/FDP\/wp-content\/uploads\/2019\/03\/Kaiserhof-204x300.png 204w, https:\/\/fdp-porta.de\/FDP\/wp-content\/uploads\/2019\/03\/Kaiserhof-768x1130.png 768w, https:\/\/fdp-porta.de\/FDP\/wp-content\/uploads\/2019\/03\/Kaiserhof-619x911.png 619w, https:\/\/fdp-porta.de\/FDP\/wp-content\/uploads\/2019\/03\/Kaiserhof.png 1013w\" sizes=\"auto, (max-width: 660px) 100vw, 660px\" \/><\/a><\/p>\n<p>Copyright: Mindener Tageblatt, 29.03.2019, Texte und Fotos aus dem Mindener Tageblatt sind urheberrechtlich gesch\u00fctzt. Weiterverwendung nur mit schriftliche Genehmigung der Redaktion. Originalartikel abrufbar unter:<\/p>\n<p><a href=\"https:\/\/www.mt.de\/lokales\/porta_westfalica\/22415825_Passt-Lidl-zum-Kaiserhof-Architekt-Joerg-Albersmeier-haelt-an-Plaenen-fuer-Areal-fest.html\">https:\/\/www.mt.de\/lokales\/porta_westfalica\/22415825_Passt-Lidl-zum-Kaiserhof-Architekt-Joerg-Albersmeier-haelt-an-Plaenen-fuer-Areal-fest.html<\/a><\/p>\n<p>und<\/p>\n<p><a href=\"https:\/\/www.mt.de\/lokales\/porta_westfalica\/22415818_Heikle-Kombination-Mehrere-Politiker-halten-Discounter-am-Kaiserhof-fuer-deplatziert.html\">https:\/\/www.mt.de\/lokales\/porta_westfalica\/22415818_Heikle-Kombination-Mehrere-Politiker-halten-Discounter-am-Kaiserhof-fuer-deplatziert.html<\/a><\/p>\n<p>&nbsp;<\/p>\n","protected":false},"excerpt":{"rendered":"<p>Die FDP Fraktion \u00e4u\u00dfert sich zu den Pl\u00e4nen der Lidl-Ansiedlung am Kaiserhof wie folgt: &nbsp; &#8222;Ob das Projekt Kaiserhof, wie von Herrn Albersmeier konzipiert, realisierbar ist, kann die FDP Fraktion zum jetzigen Zeitpunkt nicht beantworten. Wir k\u00f6nnen uns aber sehr wohl, nach dem ersten Aufschlag im BZA II, eine erweiterte Informationsveranstaltung mit einer ergebnisoffenen Diskussion [&hellip;]<\/p>\n","protected":false},"author":1,"featured_media":0,"comment_status":"closed","ping_status":"closed","sticky":false,"template":"","format":"standard","meta":{"footnotes":""},"categories":[1,13],"tags":[],"class_list":["post-2600","post","type-post","status-publish","format-standard","hentry","category-allgemein","category-fdp-porta-westfalica-aktuell"],"featured_image_src":null,"author_info":{"display_name":"webmaster","author_link":"https:\/\/fdp-porta.de\/FDP\/author\/webmaster\/"},"_links":{"self":[{"href":"https:\/\/fdp-porta.de\/FDP\/wp-json\/wp\/v2\/posts\/2600","targetHints":{"allow":["GET"]}}],"collection":[{"href":"https:\/\/fdp-porta.de\/FDP\/wp-json\/wp\/v2\/posts"}],"about":[{"href":"https:\/\/fdp-porta.de\/FDP\/wp-json\/wp\/v2\/types\/post"}],"author":[{"embeddable":true,"href":"https:\/\/fdp-porta.de\/FDP\/wp-json\/wp\/v2\/users\/1"}],"replies":[{"embeddable":true,"href":"https:\/\/fdp-porta.de\/FDP\/wp-json\/wp\/v2\/comments?post=2600"}],"version-history":[{"count":0,"href":"https:\/\/fdp-porta.de\/FDP\/wp-json\/wp\/v2\/posts\/2600\/revisions"}],"wp:attachment":[{"href":"https:\/\/fdp-porta.de\/FDP\/wp-json\/wp\/v2\/media?parent=2600"}],"wp:term":[{"taxonomy":"category","embeddable":true,"href":"https:\/\/fdp-porta.de\/FDP\/wp-json\/wp\/v2\/categories?post=2600"},{"taxonomy":"post_tag","embeddable":true,"href":"https:\/\/fdp-porta.de\/FDP\/wp-json\/wp\/v2\/tags?post=2600"}],"curies":[{"name":"wp","href":"https:\/\/api.w.org\/{rel}","templated":true}]}}