{"id":2594,"date":"2019-03-31T11:09:57","date_gmt":"2019-03-31T09:09:57","guid":{"rendered":"http:\/\/fdp-porta.de\/FDP\/?p=2594"},"modified":"2021-01-26T19:38:02","modified_gmt":"2021-01-26T17:38:02","slug":"antrag-zum-thema-stadtradeln","status":"publish","type":"post","link":"https:\/\/fdp-porta.de\/FDP\/antrag-zum-thema-stadtradeln\/","title":{"rendered":"Antrag zum Thema Stadtradeln"},"content":{"rendered":"<p><span class=\"Apple-converted-space\">\u00a0<\/span><b>Antrag zum APU am 13.5.2019- Info zum Thema Stadtradeln<span class=\"Apple-converted-space\">\u00a0<\/span><\/b><\/p>\n<p>Sehr geehrter Herr Hedtmann,<span class=\"Apple-converted-space\">\u00a0<\/span><\/p>\n<p>die FDP beantragt in der APU \u2013Sitzung am 13.5.2019 einen Kurzbericht zum Thema Stadtradeln als TO aufzunehmen.<span class=\"Apple-converted-space\">\u00a0<\/span><\/p>\n<p><b>Begr\u00fcndung:<span class=\"Apple-converted-space\">\u00a0<\/span><\/b><\/p>\n<p>Die Friday for Future Demonstrationen haben gezeigt, wie gerade der jungen Generation das Thema Klimaschutz unter den N\u00e4geln bringt. Deshalb sollte aus Sicht der FDP \u2013Fraktion nun auch ein erstes schnelles Zeichen erfolgen, dass sich Kommunalpolitiker, B\u00fcrger und Verwaltungsmitarbeiter aktiv f\u00fcr den Klimaschutz einbringen und somit die Sorgen der jungen Generation ernst nehmen.<span class=\"Apple-converted-space\">\u00a0<\/span><\/p>\n<p>Das Projekt Stadtradeln ist daf\u00fcr ein gutes Beispiel. Details dieses Projektes an dem<span class=\"Apple-converted-space\">\u00a0<\/span><\/p>\n<p>sich unter anderem unsere Nachbarkommune Minden beteiligt, k\u00f6nnen unter www.stadtradeln.de eingesehen werden.<span class=\"Apple-converted-space\">\u00a0<\/span><\/p>\n<p>Man k\u00f6nnte mit so einer Aktion auch Sch\u00fcler motivieren, den Schulweg mit dem Fahrrad zu bew\u00e4ltigen, und damit auch die unbefriedigende Parksituation am Schulzentrum S\u00fcd entsch\u00e4rfen.<span class=\"Apple-converted-space\">\u00a0<\/span><\/p>\n<p>Das Projekt Stadtradeln ist aus unserer Sicht eine sinnvolle Aufgabe , die kurzfristig in die Beratung einflie\u00dfen soll.<span class=\"Apple-converted-space\">\u00a0<\/span><\/p>\n<p>&nbsp;<\/p>\n<p><span class=\"Apple-converted-space\">\u00a0<\/span>Freundliche Gr\u00fc\u00dfe<span class=\"Apple-converted-space\">\u00a0<\/span><\/p>\n<p>Cornelia M\u00fcller-Dieker<br \/>\nFraktionsvorsitzende Ratsmitglied FDP-Fraktion im Rat der Stadt Porta Westfalica<\/p>\n<p>&nbsp;<\/p>\n<p>Dirk Neitman<span class=\"Apple-converted-space\"><br \/>\n<\/span>Ratsmitglied<\/p>\n","protected":false},"excerpt":{"rendered":"<p>\u00a0Antrag zum APU am 13.5.2019- Info zum Thema Stadtradeln\u00a0 Sehr geehrter Herr Hedtmann,\u00a0 die FDP beantragt in der APU \u2013Sitzung am 13.5.2019 einen Kurzbericht zum Thema Stadtradeln als TO aufzunehmen.\u00a0 Begr\u00fcndung:\u00a0 Die Friday for Future Demonstrationen haben gezeigt, wie gerade der jungen Generation das Thema Klimaschutz unter den N\u00e4geln bringt. Deshalb sollte aus Sicht der [&hellip;]<\/p>\n","protected":false},"author":1,"featured_media":0,"comment_status":"closed","ping_status":"closed","sticky":false,"template":"","format":"standard","meta":{"footnotes":""},"categories":[1,18,13],"tags":[],"class_list":["post-2594","post","type-post","status-publish","format-standard","hentry","category-allgemein","category-antraege","category-fdp-porta-westfalica-aktuell"],"featured_image_src":null,"author_info":{"display_name":"webmaster","author_link":"https:\/\/fdp-porta.de\/FDP\/author\/webmaster\/"},"_links":{"self":[{"href":"https:\/\/fdp-porta.de\/FDP\/wp-json\/wp\/v2\/posts\/2594","targetHints":{"allow":["GET"]}}],"collection":[{"href":"https:\/\/fdp-porta.de\/FDP\/wp-json\/wp\/v2\/posts"}],"about":[{"href":"https:\/\/fdp-porta.de\/FDP\/wp-json\/wp\/v2\/types\/post"}],"author":[{"embeddable":true,"href":"https:\/\/fdp-porta.de\/FDP\/wp-json\/wp\/v2\/users\/1"}],"replies":[{"embeddable":true,"href":"https:\/\/fdp-porta.de\/FDP\/wp-json\/wp\/v2\/comments?post=2594"}],"version-history":[{"count":0,"href":"https:\/\/fdp-porta.de\/FDP\/wp-json\/wp\/v2\/posts\/2594\/revisions"}],"wp:attachment":[{"href":"https:\/\/fdp-porta.de\/FDP\/wp-json\/wp\/v2\/media?parent=2594"}],"wp:term":[{"taxonomy":"category","embeddable":true,"href":"https:\/\/fdp-porta.de\/FDP\/wp-json\/wp\/v2\/categories?post=2594"},{"taxonomy":"post_tag","embeddable":true,"href":"https:\/\/fdp-porta.de\/FDP\/wp-json\/wp\/v2\/tags?post=2594"}],"curies":[{"name":"wp","href":"https:\/\/api.w.org\/{rel}","templated":true}]}}