{"id":2465,"date":"2018-11-24T10:31:18","date_gmt":"2018-11-24T08:31:18","guid":{"rendered":"http:\/\/fdp-porta.de\/FDP\/?p=2465"},"modified":"2018-11-24T10:31:57","modified_gmt":"2018-11-24T08:31:57","slug":"mt-berichterstattung-zur-fdp-klausurtagung-fdp-fordert-gute-ausstattung-der-kinderspielplaetze-und-gelder-fuer-den-buergerpark","status":"publish","type":"post","link":"https:\/\/fdp-porta.de\/FDP\/mt-berichterstattung-zur-fdp-klausurtagung-fdp-fordert-gute-ausstattung-der-kinderspielplaetze-und-gelder-fuer-den-buergerpark\/","title":{"rendered":"MT Berichterstattung zur FDP Klausurtagung &#8211; FDP fordert gute Ausstattung der Kinderspielpl\u00e4tze und Gelder f\u00fcr den B\u00fcrgerpark"},"content":{"rendered":"<p>Wie bereits in einer Pressemitteilung nach der FDP Klausurtagung vom 06.11.2018 mitgeteilt fordert die FDP Porta Westfalica unter anderem die Luftkurortpauschale f\u00fcr den B\u00fcrgerpark in Hausberge einzusetzen.<\/p>\n<p>Lesen Sie zum Thema auch einen im Mindener-Tageblatt hierzu erschienenen Artikel vom 23.11.2018 (Klick aufs Foto um Artikel zu vergr\u00f6\u00dfern):<\/p>\n<p style=\"text-align: center;\"><a href=\"http:\/\/fdp-porta.de\/FDP\/wp-content\/uploads\/2018\/11\/B\u00fcrgerpark.png\"><img loading=\"lazy\" decoding=\"async\" class=\"aligncenter size-full wp-image-2466\" src=\"http:\/\/fdp-porta.de\/FDP\/wp-content\/uploads\/2018\/11\/B\u00fcrgerpark.png\" alt=\"\" width=\"337\" height=\"550\" srcset=\"https:\/\/fdp-porta.de\/FDP\/wp-content\/uploads\/2018\/11\/B\u00fcrgerpark.png 337w, https:\/\/fdp-porta.de\/FDP\/wp-content\/uploads\/2018\/11\/B\u00fcrgerpark-184x300.png 184w\" sizes=\"auto, (max-width: 337px) 100vw, 337px\" \/><\/a><\/p>\n<p>Copyright: Mindener Tageblatt, 23.11.2018, Texte und Fotos aus dem Mindener Tageblatt sind urheberrechtlich gesch\u00fctzt. Weiterverwendung nur mit schriftliche Genehmigung der Redaktion. Originalartikel abrufbar unter:<\/p>\n<p><a href=\"https:\/\/www.mt.de\/lokales\/porta_westfalica\/22305662_FDP-Fraktion-diskutierte-ueber-aktuelle-Themen.html\">https:\/\/www.mt.de\/lokales\/porta_westfalica\/22305662_FDP-Fraktion-diskutierte-ueber-aktuelle-Themen.html<\/a><\/p>\n","protected":false},"excerpt":{"rendered":"<p>Wie bereits in einer Pressemitteilung nach der FDP Klausurtagung vom 06.11.2018 mitgeteilt fordert die FDP Porta Westfalica unter anderem die Luftkurortpauschale f\u00fcr den B\u00fcrgerpark in Hausberge einzusetzen. Lesen Sie zum Thema auch einen im Mindener-Tageblatt hierzu erschienenen Artikel vom 23.11.2018 (Klick aufs Foto um Artikel zu vergr\u00f6\u00dfern): Copyright: Mindener Tageblatt, 23.11.2018, Texte und Fotos aus [&hellip;]<\/p>\n","protected":false},"author":1,"featured_media":0,"comment_status":"closed","ping_status":"closed","sticky":false,"template":"","format":"standard","meta":{"footnotes":""},"categories":[1,13,17],"tags":[],"class_list":["post-2465","post","type-post","status-publish","format-standard","hentry","category-allgemein","category-fdp-porta-westfalica-aktuell","category-pressemitteilungen"],"featured_image_src":null,"author_info":{"display_name":"webmaster","author_link":"https:\/\/fdp-porta.de\/FDP\/author\/webmaster\/"},"_links":{"self":[{"href":"https:\/\/fdp-porta.de\/FDP\/wp-json\/wp\/v2\/posts\/2465","targetHints":{"allow":["GET"]}}],"collection":[{"href":"https:\/\/fdp-porta.de\/FDP\/wp-json\/wp\/v2\/posts"}],"about":[{"href":"https:\/\/fdp-porta.de\/FDP\/wp-json\/wp\/v2\/types\/post"}],"author":[{"embeddable":true,"href":"https:\/\/fdp-porta.de\/FDP\/wp-json\/wp\/v2\/users\/1"}],"replies":[{"embeddable":true,"href":"https:\/\/fdp-porta.de\/FDP\/wp-json\/wp\/v2\/comments?post=2465"}],"version-history":[{"count":0,"href":"https:\/\/fdp-porta.de\/FDP\/wp-json\/wp\/v2\/posts\/2465\/revisions"}],"wp:attachment":[{"href":"https:\/\/fdp-porta.de\/FDP\/wp-json\/wp\/v2\/media?parent=2465"}],"wp:term":[{"taxonomy":"category","embeddable":true,"href":"https:\/\/fdp-porta.de\/FDP\/wp-json\/wp\/v2\/categories?post=2465"},{"taxonomy":"post_tag","embeddable":true,"href":"https:\/\/fdp-porta.de\/FDP\/wp-json\/wp\/v2\/tags?post=2465"}],"curies":[{"name":"wp","href":"https:\/\/api.w.org\/{rel}","templated":true}]}}