{"id":2403,"date":"2018-11-08T13:52:03","date_gmt":"2018-11-08T11:52:03","guid":{"rendered":"http:\/\/fdp-porta.de\/FDP\/?p=2403"},"modified":"2021-01-26T19:40:00","modified_gmt":"2021-01-26T17:40:00","slug":"argumente-fuer-den-buergerentscheid-empfehlung-zur-briefwahl","status":"publish","type":"post","link":"https:\/\/fdp-porta.de\/FDP\/argumente-fuer-den-buergerentscheid-empfehlung-zur-briefwahl\/","title":{"rendered":"Argumente f\u00fcr den B\u00fcrgerentscheid &#8211; Empfehlung zur Briefwahl"},"content":{"rendered":"<p style=\"text-align: center;\">Rund 5400 Portaner B\u00fcrgerinnen und B\u00fcrger haben mit ihrer Unterschrift des B\u00fcrgerbegehrens der \u201eInitiative Schulerhalt Porta Westfalica\u201c f\u00fcr einen B\u00fcrgerentscheid votiert.<\/p>\n<p style=\"text-align: center;\">Die FDP Fraktion hat von Beginn an die Initiative positiv begleitet, da es\u00a0 gelebte Demokratie\u00a0 durch ehrenamtliches Engagement in unserer Stadt ist.<\/p>\n<p style=\"text-align: center;\">Es war immer unser Bestreben\u00a0 unsere Grundschulen zukunftsfit zu machen, aber mit Vernunft und Augenma\u00df, was sowohl den zeitlichen Rahmen, wie auch die Kosten betrifft. Dieses aber besonders unter Mitnahme aller Betroffenen.<\/p>\n<p style=\"text-align: center;\">Um das zu erreichen, bedarf es eines neuen Dialogs, den Sie als B\u00fcrgerinnen und B\u00fcrger mit einem <strong>Ja\u00a0<\/strong>auf dem Stimmzettel des B\u00fcrgerbegehrens einleiten k\u00f6nnen.<\/p>\n<h2 style=\"text-align: center;\"><strong>Deshalb bitten wir Sie, nehmen Sie Ihr Wahlrecht wahr.<\/strong><\/h2>\n<p><a href=\"http:\/\/fdp-porta.de\/FDP\/wp-content\/uploads\/2018\/10\/ja.png\"><img loading=\"lazy\" decoding=\"async\" class=\"aligncenter wp-image-2408\" src=\"http:\/\/fdp-porta.de\/FDP\/wp-content\/uploads\/2018\/10\/ja.png\" alt=\"\" width=\"588\" height=\"161\" srcset=\"https:\/\/fdp-porta.de\/FDP\/wp-content\/uploads\/2018\/10\/ja.png 416w, https:\/\/fdp-porta.de\/FDP\/wp-content\/uploads\/2018\/10\/ja-300x82.png 300w\" sizes=\"auto, (max-width: 588px) 100vw, 588px\" \/><\/a><\/p>\n<h1><\/h1>\n<hr \/>\n<p style=\"text-align: center;\">Lesen Sie hier oder in unserem <a href=\"http:\/\/fdp-porta.de\/FDP\/wp-content\/uploads\/2018\/10\/Flyer_Buergerentscheid.pdf\"><strong>Flyer<\/strong><\/a> Argumente warum Sie beim B\u00fcrgerentscheid mit JA stimmen sollten:<\/p>\n<hr \/>\n<p>&nbsp;<\/p>\n<h1><\/h1>\n<p style=\"text-align: center;\"><a href=\"http:\/\/fdp-porta.de\/FDP\/wp-content\/uploads\/2018\/10\/Flyer_Buergerentscheid.png\"><img loading=\"lazy\" decoding=\"async\" class=\"aligncenter size-full wp-image-2407\" src=\"http:\/\/fdp-porta.de\/FDP\/wp-content\/uploads\/2018\/10\/Flyer_Buergerentscheid.png\" alt=\"\" width=\"582\" height=\"826\" srcset=\"https:\/\/fdp-porta.de\/FDP\/wp-content\/uploads\/2018\/10\/Flyer_Buergerentscheid.png 582w, https:\/\/fdp-porta.de\/FDP\/wp-content\/uploads\/2018\/10\/Flyer_Buergerentscheid-211x300.png 211w\" sizes=\"auto, (max-width: 582px) 100vw, 582px\" \/><\/a><\/p>\n<hr \/>\n<p style=\"text-align: center;\">\n","protected":false},"excerpt":{"rendered":"<p>Rund 5400 Portaner B\u00fcrgerinnen und B\u00fcrger haben mit ihrer Unterschrift des B\u00fcrgerbegehrens der \u201eInitiative Schulerhalt Porta Westfalica\u201c f\u00fcr einen B\u00fcrgerentscheid votiert. Die FDP Fraktion hat von Beginn an die Initiative positiv begleitet, da es\u00a0 gelebte Demokratie\u00a0 durch ehrenamtliches Engagement in unserer Stadt ist. Es war immer unser Bestreben\u00a0 unsere Grundschulen zukunftsfit zu machen, aber mit [&hellip;]<\/p>\n","protected":false},"author":1,"featured_media":0,"comment_status":"closed","ping_status":"closed","sticky":false,"template":"","format":"standard","meta":{"footnotes":""},"categories":[1,13],"tags":[],"class_list":["post-2403","post","type-post","status-publish","format-standard","hentry","category-allgemein","category-fdp-porta-westfalica-aktuell"],"featured_image_src":null,"author_info":{"display_name":"webmaster","author_link":"https:\/\/fdp-porta.de\/FDP\/author\/webmaster\/"},"_links":{"self":[{"href":"https:\/\/fdp-porta.de\/FDP\/wp-json\/wp\/v2\/posts\/2403","targetHints":{"allow":["GET"]}}],"collection":[{"href":"https:\/\/fdp-porta.de\/FDP\/wp-json\/wp\/v2\/posts"}],"about":[{"href":"https:\/\/fdp-porta.de\/FDP\/wp-json\/wp\/v2\/types\/post"}],"author":[{"embeddable":true,"href":"https:\/\/fdp-porta.de\/FDP\/wp-json\/wp\/v2\/users\/1"}],"replies":[{"embeddable":true,"href":"https:\/\/fdp-porta.de\/FDP\/wp-json\/wp\/v2\/comments?post=2403"}],"version-history":[{"count":0,"href":"https:\/\/fdp-porta.de\/FDP\/wp-json\/wp\/v2\/posts\/2403\/revisions"}],"wp:attachment":[{"href":"https:\/\/fdp-porta.de\/FDP\/wp-json\/wp\/v2\/media?parent=2403"}],"wp:term":[{"taxonomy":"category","embeddable":true,"href":"https:\/\/fdp-porta.de\/FDP\/wp-json\/wp\/v2\/categories?post=2403"},{"taxonomy":"post_tag","embeddable":true,"href":"https:\/\/fdp-porta.de\/FDP\/wp-json\/wp\/v2\/tags?post=2403"}],"curies":[{"name":"wp","href":"https:\/\/api.w.org\/{rel}","templated":true}]}}