{"id":2391,"date":"2018-09-26T21:35:12","date_gmt":"2018-09-26T19:35:12","guid":{"rendered":"http:\/\/fdp-porta.de\/FDP\/?p=2391"},"modified":"2018-09-26T21:35:12","modified_gmt":"2018-09-26T19:35:12","slug":"fraktionsvorsitzende-uebergibt-einweihungsgeschenk-an-die-loeschgruppe-kleinenbremen-wuelpke","status":"publish","type":"post","link":"https:\/\/fdp-porta.de\/FDP\/fraktionsvorsitzende-uebergibt-einweihungsgeschenk-an-die-loeschgruppe-kleinenbremen-wuelpke\/","title":{"rendered":"Fraktionsvorsitzende \u00fcbergibt Einweihungsgeschenk an die L\u00f6schgruppe Kleinenbremen-W\u00fclpke"},"content":{"rendered":"<p>Unsere Fraktionsvorsitzende Cornelia M\u00fcller-Dieker hat heute im Rahmen des in Kleinenbremen tagenden Ausschusses f\u00fcr Feuerschutz und Rettungswesen nochmal herzlich zur Einweihung des Feuerwehrger\u00e4tehauses der <a class=\"profileLink\" href=\"https:\/\/www.facebook.com\/LGKleiWue\/?fref=mentions&amp;__xts__%5B0%5D=68.ARA7Zsn8-pntmcZH6t0WoNlZPoiM8p_PHp8so9E5gPxf0DOXKGCqIHII0XJ49X6WFF86dqmBRH3SnDT1d4HnIyqfqZKzFhh0Vjg_lTI5aXXXqXlVdQDYGRLAnRhx_nkKiAhvvremTGhGdRM92ZWExOLaGdCPp0Z_fRiDSn1RHgjOUBUt_0_kjQ&amp;__tn__=K-R-R\" data-hovercard=\"\/ajax\/hovercard\/page.php?id=256756134373594&amp;extragetparams=%7B%22fref%22%3A%22mentions%22%7D\" data-hovercard-prefer-more-content-show=\"1\">L\u00f6schgruppe Kleinenbremen-W\u00fclpke<\/a> gratuliert.<\/p>\n<p>Nat\u00fcrlich darf zu einem solchen Anlass das obligatorische ostwestf\u00e4lische Flachgeschenk nicht fehlen.<\/p>\n<p><a href=\"http:\/\/fdp-porta.de\/FDP\/wp-content\/uploads\/2018\/09\/IMG_0404-2.jpg\"><img loading=\"lazy\" decoding=\"async\" class=\"aligncenter size-large wp-image-2392\" src=\"http:\/\/fdp-porta.de\/FDP\/wp-content\/uploads\/2018\/09\/IMG_0404-2-576x1024.jpg\" alt=\"\" width=\"576\" height=\"1024\" srcset=\"https:\/\/fdp-porta.de\/FDP\/wp-content\/uploads\/2018\/09\/IMG_0404-2-576x1024.jpg 576w, https:\/\/fdp-porta.de\/FDP\/wp-content\/uploads\/2018\/09\/IMG_0404-2-169x300.jpg 169w, https:\/\/fdp-porta.de\/FDP\/wp-content\/uploads\/2018\/09\/IMG_0404-2-768x1365.jpg 768w, https:\/\/fdp-porta.de\/FDP\/wp-content\/uploads\/2018\/09\/IMG_0404-2-619x1100.jpg 619w, https:\/\/fdp-porta.de\/FDP\/wp-content\/uploads\/2018\/09\/IMG_0404-2.jpg 900w\" sizes=\"auto, (max-width: 576px) 100vw, 576px\" \/><\/a><\/p>\n<p>Wir w\u00fcnschen allen Kameradinnen und Kameraden, dass sie auch in Zukunft nach dem Einsatz stets gesund zu ihren Familien zur\u00fcckkehren.<\/p>\n","protected":false},"excerpt":{"rendered":"<p>Unsere Fraktionsvorsitzende Cornelia M\u00fcller-Dieker hat heute im Rahmen des in Kleinenbremen tagenden Ausschusses f\u00fcr Feuerschutz und Rettungswesen nochmal herzlich zur Einweihung des Feuerwehrger\u00e4tehauses der L\u00f6schgruppe Kleinenbremen-W\u00fclpke gratuliert. Nat\u00fcrlich darf zu einem solchen Anlass das obligatorische ostwestf\u00e4lische Flachgeschenk nicht fehlen. Wir w\u00fcnschen allen Kameradinnen und Kameraden, dass sie auch in Zukunft nach dem Einsatz stets gesund [&hellip;]<\/p>\n","protected":false},"author":1,"featured_media":0,"comment_status":"closed","ping_status":"closed","sticky":false,"template":"","format":"standard","meta":{"footnotes":""},"categories":[1,13,17,20],"tags":[],"class_list":["post-2391","post","type-post","status-publish","format-standard","hentry","category-allgemein","category-fdp-porta-westfalica-aktuell","category-pressemitteilungen","category-veranstaltungen"],"featured_image_src":null,"author_info":{"display_name":"webmaster","author_link":"https:\/\/fdp-porta.de\/FDP\/author\/webmaster\/"},"_links":{"self":[{"href":"https:\/\/fdp-porta.de\/FDP\/wp-json\/wp\/v2\/posts\/2391","targetHints":{"allow":["GET"]}}],"collection":[{"href":"https:\/\/fdp-porta.de\/FDP\/wp-json\/wp\/v2\/posts"}],"about":[{"href":"https:\/\/fdp-porta.de\/FDP\/wp-json\/wp\/v2\/types\/post"}],"author":[{"embeddable":true,"href":"https:\/\/fdp-porta.de\/FDP\/wp-json\/wp\/v2\/users\/1"}],"replies":[{"embeddable":true,"href":"https:\/\/fdp-porta.de\/FDP\/wp-json\/wp\/v2\/comments?post=2391"}],"version-history":[{"count":0,"href":"https:\/\/fdp-porta.de\/FDP\/wp-json\/wp\/v2\/posts\/2391\/revisions"}],"wp:attachment":[{"href":"https:\/\/fdp-porta.de\/FDP\/wp-json\/wp\/v2\/media?parent=2391"}],"wp:term":[{"taxonomy":"category","embeddable":true,"href":"https:\/\/fdp-porta.de\/FDP\/wp-json\/wp\/v2\/categories?post=2391"},{"taxonomy":"post_tag","embeddable":true,"href":"https:\/\/fdp-porta.de\/FDP\/wp-json\/wp\/v2\/tags?post=2391"}],"curies":[{"name":"wp","href":"https:\/\/api.w.org\/{rel}","templated":true}]}}